{"id":43117,"date":"2025-06-29T18:36:08","date_gmt":"2025-06-29T18:36:08","guid":{"rendered":"https:\/\/haberbesiktas.tr\/?p=43117"},"modified":"2025-06-29T18:36:08","modified_gmt":"2025-06-29T18:36:08","slug":"mustafa-eskihellac-ereni-aratmadi","status":"publish","type":"post","link":"https:\/\/haberbesiktas.tr\/?p=43117","title":{"rendered":"Mustafa Eskihella\u00e7, Eren&#8217;i aratmad\u0131!"},"content":{"rendered":"<div>Trabzonspor&#8217;un yeni sol beki Mustafa Eskihella\u00e7 performans\u0131yla, Galatasaray&#8217;a transfer olan Eren Elmal\u0131&#8217;n\u0131n ayr\u0131l\u0131\u011f\u0131 sonras\u0131 olu\u015fan bo\u015flu\u011fu muvaffakiyetle doldurdu.<\/p>\n<p> \u0130stikrar\u0131n\u0131 s\u00fcrd\u00fcren 27 ya\u015f\u0131ndaki oyuncu, hem savunmada hem de hamlede yapt\u0131klar\u0131yla, taraftarlar\u0131n ve hocas\u0131 Fatih Tekke&#8217;nin takdirini kazand\u0131. Eren Elmal\u0131&#8217;y\u0131 4 milyon euro kar\u015f\u0131l\u0131\u011f\u0131nda Galatasaray&#8217;a g\u00f6nderen Trabzon, iki taksitli 15 milyon TL bonservis bedeli kar\u015f\u0131l\u0131\u011f\u0131nda, Eskihella\u00e7&#8217;\u0131 Gaziantep&#8217;ten transfer etmi\u015fti. Karadeniz temsilcisi, ekonomik olarak da \u00e7\u0131karl\u0131 \u00e7\u0131kt\u0131.<\/p>\n<p> <strong>FAT\u0130H TEKKE&#8217;N\u0130N VAZGE\u00c7\u0130LMEZ\u0130<\/strong><\/p>\n<p> Bordo-mavililerin eski sol beki Eren Elmal\u0131, Trabzonspor formas\u0131yla b\u00fct\u00fcn kulvarlarda toplam 111 ma\u00e7a \u00e7\u0131k\u0131p, 1 gol ve 6 asistlik katk\u0131 sa\u011flam\u0131\u015ft\u0131. Mustafa Eskihella\u00e7 ise \u015fu ana kadar ligde ve kupada toplam 10 kar\u015f\u0131la\u015fmada misyon ald\u0131. K\u0131sa m\u00fcddette 1 gol ve 2 asistlik performans sergileyen sa\u011f ayakl\u0131 sol bek oyuncusu Fatih Tekke&#8217;nin vazge\u00e7ilmezi oldu.<\/p>\n<p> 27 ya\u015f\u0131ndaki ba\u015far\u0131l\u0131 oyuncu, sa\u011f kanat ve sol kanat mevkilerinde de vazife yapabiliyor. Bu taraf\u0131yla de teknik y\u00f6netici Fatih Tekke&#8217;nin ma\u00e7 i\u00e7inde elini g\u00fc\u00e7lendiriyor.<\/p>\n<\/div>\n","protected":false},"excerpt":{"rendered":"<p>Trabzonspor&#8217;da devre ortas\u0131nda Gaziantep&#8217;ten transfer edilen Mustafa Eskihella\u00e7, k\u0131sa m\u00fcddette g\u00f6sterdi\u011fi performansla selefi Eren Elmal\u0131&#8217;n\u0131n yerini doldurdu. 27 ya\u015f\u0131ndaki sol bek bordo-mavili formayla 10 ma\u00e7ta 1 gol ve 2 asistlik skor katk\u0131s\u0131 yapt\u0131.<\/p>\n","protected":false},"author":1,"featured_media":43118,"comment_status":"open","ping_status":"open","sticky":false,"template":"","format":"standard","meta":{"footnotes":""},"categories":[25],"tags":[],"class_list":["post-43117","post","type-post","status-publish","format-standard","has-post-thumbnail","hentry","category-futbol"],"_links":{"self":[{"href":"https:\/\/haberbesiktas.tr\/index.php?rest_route=\/wp\/v2\/posts\/43117","targetHints":{"allow":["GET"]}}],"collection":[{"href":"https:\/\/haberbesiktas.tr\/index.php?rest_route=\/wp\/v2\/posts"}],"about":[{"href":"https:\/\/haberbesiktas.tr\/index.php?rest_route=\/wp\/v2\/types\/post"}],"author":[{"embeddable":true,"href":"https:\/\/haberbesiktas.tr\/index.php?rest_route=\/wp\/v2\/users\/1"}],"replies":[{"embeddable":true,"href":"https:\/\/haberbesiktas.tr\/index.php?rest_route=%2Fwp%2Fv2%2Fcomments&post=43117"}],"version-history":[{"count":1,"href":"https:\/\/haberbesiktas.tr\/index.php?rest_route=\/wp\/v2\/posts\/43117\/revisions"}],"predecessor-version":[{"id":43119,"href":"https:\/\/haberbesiktas.tr\/index.php?rest_route=\/wp\/v2\/posts\/43117\/revisions\/43119"}],"wp:featuredmedia":[{"embeddable":true,"href":"https:\/\/haberbesiktas.tr\/index.php?rest_route=\/wp\/v2\/media\/43118"}],"wp:attachment":[{"href":"https:\/\/haberbesiktas.tr\/index.php?rest_route=%2Fwp%2Fv2%2Fmedia&parent=43117"}],"wp:term":[{"taxonomy":"category","embeddable":true,"href":"https:\/\/haberbesiktas.tr\/index.php?rest_route=%2Fwp%2Fv2%2Fcategories&post=43117"},{"taxonomy":"post_tag","embeddable":true,"href":"https:\/\/haberbesiktas.tr\/index.php?rest_route=%2Fwp%2Fv2%2Ftags&post=43117"}],"curies":[{"name":"wp","href":"https:\/\/api.w.org\/{rel}","templated":true}]}}