{"id":43120,"date":"2025-06-29T18:48:08","date_gmt":"2025-06-29T18:48:08","guid":{"rendered":"https:\/\/haberbesiktas.tr\/?p=43120"},"modified":"2025-06-29T18:48:08","modified_gmt":"2025-06-29T18:48:08","slug":"jose-mourinhodan-futbolcularina-uyari","status":"publish","type":"post","link":"https:\/\/haberbesiktas.tr\/?p=43120","title":{"rendered":"Jose Mourinho&#8217;dan futbolcular\u0131na uyar\u0131!"},"content":{"rendered":"<div>\n<p>Fenerbah\u00e7e, Sivas deplasman\u0131nda ald\u0131\u011f\u0131 3-1&#8217;lik kritik galibiyetin akabinde g\u00f6z\u00fcn\u00fc Harika Lig&#8217;deki \u015fampiyonluk yar\u0131\u015f\u0131na dikti.<\/p>\n<p> Kar ya\u011f\u0131\u015f\u0131 nedeniyle \u0130stanbul&#8217;a d\u00f6n\u00fc\u015f\u00fc yakla\u015f\u0131k 2 saat geciken sar\u0131-lacivertlilerde futbolculara bir g\u00fcnl\u00fck m\u00fcsaade verildi. Kadro, Kayserispor ile pazar g\u00fcn\u00fc oynanacak ma\u00e7\u0131n haz\u0131rl\u0131klar\u0131na Samand\u0131ra&#8217;da start verdi.\u00a0<\/p>\n<p> <strong>&#8220;PUAN KAYBINA TAHAMM\u00dcL\u00dcM\u00dcZ YOK&#8221;<\/strong><\/p>\n<p> \u0130dman \u00f6ncesi \u00f6\u011frencileriyle bir toplant\u0131 yapan teknik y\u00f6netici Jose Mourinho, Sivas zaferi nedeniyle oyuncular\u0131n\u0131 kutlad\u0131. Portekizli hoca,<strong> &#8220;Art\u0131k d\u00f6nemin son b\u00f6l\u00fcm\u00fcndeyiz. Ligde yaln\u0131zca 7 ma\u00e7 kald\u0131. Hepsi bizim i\u00e7in final niteli\u011finde. Gaziantep, Ba\u015fak\u015fehir ve Hatay&#8217;la deplasmanda; Kayseri, Be\u015fikta\u015f, Ey\u00fcp ve Konya&#8217;yla i\u00e7eride kar\u015f\u0131la\u015faca\u011f\u0131z. Hi\u00e7bir puan kayb\u0131na tahamm\u00fcl\u00fcm\u00fcz yok&#8221;<\/strong> tabirlerini kulland\u0131.<\/p>\n<p> <strong>&#8220;HER MA\u00c7 F\u0130NAL G\u0130B\u0130&#8221;<\/strong><\/p>\n<p> Mourinho, kalan s\u00fcrecin \u015fampiyonluk maksad\u0131 do\u011frultusunda azam\u00ee konsantrasyonla ge\u00e7ilmesi gerekti\u011fini vurgulad\u0131: <strong>&#8220;Art\u0131k kolay ya da g\u00fc\u00e7 ma\u00e7 diye bir \u015fey kalmad\u0131. Her ma\u00e7\u0131m\u0131za final \u00fczere haz\u0131rlanaca\u011f\u0131z. Taraftar\u0131m\u0131za verdi\u011fimiz \u015fampiyonluk kelam\u0131n\u0131 yerine getirmek i\u00e7in yaln\u0131zca kazanmam\u0131z gerekiyor. Bunu da yaln\u0131zca alana ve i\u015fimize odaklanarak ba\u015farabiliriz.&#8221;\u00a0<\/strong><\/p>\n<div>\u00a0<\/div>\n<p> <span>\u00a0<\/span><\/p>\n<div>\u00a0<\/div>\n<\/div>\n","protected":false},"excerpt":{"rendered":"<p>Fenerbah\u00e7e Teknik Y\u00f6neticisi Jose Mourinho, Kayserispor ma\u00e7\u0131 \u00f6ncesi oyuncular\u0131yla toplant\u0131 ger\u00e7ekle\u015ftirdi.<\/p>\n","protected":false},"author":1,"featured_media":43121,"comment_status":"open","ping_status":"open","sticky":false,"template":"","format":"standard","meta":{"footnotes":""},"categories":[25],"tags":[50],"class_list":["post-43120","post","type-post","status-publish","format-standard","has-post-thumbnail","hentry","category-futbol","tag-mac"],"_links":{"self":[{"href":"https:\/\/haberbesiktas.tr\/index.php?rest_route=\/wp\/v2\/posts\/43120","targetHints":{"allow":["GET"]}}],"collection":[{"href":"https:\/\/haberbesiktas.tr\/index.php?rest_route=\/wp\/v2\/posts"}],"about":[{"href":"https:\/\/haberbesiktas.tr\/index.php?rest_route=\/wp\/v2\/types\/post"}],"author":[{"embeddable":true,"href":"https:\/\/haberbesiktas.tr\/index.php?rest_route=\/wp\/v2\/users\/1"}],"replies":[{"embeddable":true,"href":"https:\/\/haberbesiktas.tr\/index.php?rest_route=%2Fwp%2Fv2%2Fcomments&post=43120"}],"version-history":[{"count":1,"href":"https:\/\/haberbesiktas.tr\/index.php?rest_route=\/wp\/v2\/posts\/43120\/revisions"}],"predecessor-version":[{"id":43122,"href":"https:\/\/haberbesiktas.tr\/index.php?rest_route=\/wp\/v2\/posts\/43120\/revisions\/43122"}],"wp:featuredmedia":[{"embeddable":true,"href":"https:\/\/haberbesiktas.tr\/index.php?rest_route=\/wp\/v2\/media\/43121"}],"wp:attachment":[{"href":"https:\/\/haberbesiktas.tr\/index.php?rest_route=%2Fwp%2Fv2%2Fmedia&parent=43120"}],"wp:term":[{"taxonomy":"category","embeddable":true,"href":"https:\/\/haberbesiktas.tr\/index.php?rest_route=%2Fwp%2Fv2%2Fcategories&post=43120"},{"taxonomy":"post_tag","embeddable":true,"href":"https:\/\/haberbesiktas.tr\/index.php?rest_route=%2Fwp%2Fv2%2Ftags&post=43120"}],"curies":[{"name":"wp","href":"https:\/\/api.w.org\/{rel}","templated":true}]}}