{"id":43129,"date":"2025-06-29T19:24:09","date_gmt":"2025-06-29T19:24:09","guid":{"rendered":"https:\/\/haberbesiktas.tr\/?p=43129"},"modified":"2025-06-29T19:24:09","modified_gmt":"2025-06-29T19:24:09","slug":"jose-mourinhonun-sol-bek-adayi-diouf","status":"publish","type":"post","link":"https:\/\/haberbesiktas.tr\/?p=43129","title":{"rendered":"Jose Mourinho&#8217;nun sol bek aday\u0131: Diouf!"},"content":{"rendered":"<div>\n<p>S\u00fcper Lig&#8217;de \u015fampiyonluk gayretini s\u00fcrd\u00fcren Fenerbah\u00e7e, bir yandan da yeni d\u00f6nemin tak\u0131m yap\u0131lanmas\u0131 i\u00e7in d\u00fc\u011fmeye bast\u0131. G\u00f6zler, sol bek deste\u011fine \u00e7evrilmi\u015f durumda.<\/p>\n<p><strong>KOSTIC G\u00d6ZDEN D\u00dc\u015eT\u00dc<\/strong><\/p>\n<p> Juventus&#8217;tan kiralanan Filip Kostic, son haftalarda Jose Mourinho&#8217;nun g\u00f6z\u00fcnden d\u00fc\u015fen isimlerden biri oldu. Deneyimli oyuncu, Trabzonspor ma\u00e7\u0131nda tak\u0131ma al\u0131nmazken, Sivasspor kar\u015f\u0131s\u0131nda yedek soyundu ve m\u00fchlet almad\u0131.<\/p>\n<p> Jose Mourinho idaresindeki kurmaylar, hamleye daha \u00e7ok katk\u0131 sa\u011flayabilecek, atletik \u00f6zellikleri \u00f6n planda olan gen\u00e7 bir sol bek aray\u0131\u015f\u0131na y\u00f6neldi.<\/p>\n<p> Bu do\u011frultuda Slavia Prag formas\u0131 giyen El Hadji Malick Diouf, Fenerbah\u00e7e&#8217;nin radar\u0131na girdi. 20 ya\u015f\u0131ndaki Senegalli sol bek, bu d\u00f6nem hem \u00c7ekya Ligi&#8217;nde hem Avrupa&#8217;da sergiledi\u011fi performansla dikkatleri \u00fczerine \u00e7ekti.<\/p>\n<p><strong>\u00c7EKYA TAKIMININ TALEB\u0130 10 M\u0130LYON EURO<\/strong><\/p>\n<p> Ocak 2024&#8217;te Norve\u00e7 grubu Troms\u00f6&#8217;den 2.5 milyon Euro&#8217;ya transfer edilen Diouf i\u00e7in Slavia Prag&#8217;\u0131n 10 milyon Euro&#8217;nun \u00fczerinde bir bonservis bedeli talep etti\u011fi ileri s\u00fcr\u00fcl\u00fcyor. Gen\u00e7 oyuncu, Senegal Ulusal Ekibi formas\u0131n\u0131 da 4 sefer giydi.<\/p>\n<p><strong>PERFORMANSI<\/strong><\/p>\n<p> 20 ya\u015f\u0131ndaki oyuncu, \u00c7ekya Ligi&#8217;nde 24 ma\u00e7ta 7 gol, 3 asistlik skor katk\u0131s\u0131 sa\u011flad\u0131.\u00a0<\/p>\n<\/div>\n<p><\/p>\n","protected":false},"excerpt":{"rendered":"<p>Fenerbah\u00e7e, Filip Kostic sonras\u0131 sol bek i\u00e7in Slavia Prag&#8217;dan El Hadji Diouf&#8217;u listesine ald\u0131.<\/p>\n","protected":false},"author":1,"featured_media":43130,"comment_status":"open","ping_status":"open","sticky":false,"template":"","format":"standard","meta":{"footnotes":""},"categories":[25],"tags":[],"class_list":["post-43129","post","type-post","status-publish","format-standard","has-post-thumbnail","hentry","category-futbol"],"_links":{"self":[{"href":"https:\/\/haberbesiktas.tr\/index.php?rest_route=\/wp\/v2\/posts\/43129","targetHints":{"allow":["GET"]}}],"collection":[{"href":"https:\/\/haberbesiktas.tr\/index.php?rest_route=\/wp\/v2\/posts"}],"about":[{"href":"https:\/\/haberbesiktas.tr\/index.php?rest_route=\/wp\/v2\/types\/post"}],"author":[{"embeddable":true,"href":"https:\/\/haberbesiktas.tr\/index.php?rest_route=\/wp\/v2\/users\/1"}],"replies":[{"embeddable":true,"href":"https:\/\/haberbesiktas.tr\/index.php?rest_route=%2Fwp%2Fv2%2Fcomments&post=43129"}],"version-history":[{"count":1,"href":"https:\/\/haberbesiktas.tr\/index.php?rest_route=\/wp\/v2\/posts\/43129\/revisions"}],"predecessor-version":[{"id":43131,"href":"https:\/\/haberbesiktas.tr\/index.php?rest_route=\/wp\/v2\/posts\/43129\/revisions\/43131"}],"wp:featuredmedia":[{"embeddable":true,"href":"https:\/\/haberbesiktas.tr\/index.php?rest_route=\/wp\/v2\/media\/43130"}],"wp:attachment":[{"href":"https:\/\/haberbesiktas.tr\/index.php?rest_route=%2Fwp%2Fv2%2Fmedia&parent=43129"}],"wp:term":[{"taxonomy":"category","embeddable":true,"href":"https:\/\/haberbesiktas.tr\/index.php?rest_route=%2Fwp%2Fv2%2Fcategories&post=43129"},{"taxonomy":"post_tag","embeddable":true,"href":"https:\/\/haberbesiktas.tr\/index.php?rest_route=%2Fwp%2Fv2%2Ftags&post=43129"}],"curies":[{"name":"wp","href":"https:\/\/api.w.org\/{rel}","templated":true}]}}