{"id":43138,"date":"2025-06-29T20:00:09","date_gmt":"2025-06-29T20:00:09","guid":{"rendered":"https:\/\/haberbesiktas.tr\/?p=43138"},"modified":"2025-06-29T20:00:09","modified_gmt":"2025-06-29T20:00:09","slug":"jose-mourinhodan-en-nesyri-karari","status":"publish","type":"post","link":"https:\/\/haberbesiktas.tr\/?p=43138","title":{"rendered":"Jose Mourinho&#8217;dan En Nesyri karar\u0131!"},"content":{"rendered":"<div>\n<p>Sivasspor deplasman\u0131nda 3-1&#8217;lik galibiyetle alandan ayr\u0131lan ve tepe yar\u0131\u015f\u0131ndaki sav\u0131n\u0131 s\u00fcrd\u00fcren Fenerbah\u00e7e&#8217;de moraller y\u00fcksek.<\/p>\n<p> Bilhassa Anderson Talisca&#8217;n\u0131n son haftalardaki formu, teknik heyeti mutlu ederken grubun oyun plan\u0131nda da de\u011ferli de\u011fi\u015fikliklere neden oldu.<\/p>\n<p> Fenerbah\u00e7e&#8217;de son haftalarda yedek kalan Youssef En-Nesyri i\u00e7in planlama de\u011fi\u015fti. Teknik y\u00f6netici Jose Mourinho&#8217;nun karar\u0131yla, Fasl\u0131 golc\u00fc hava toplar\u0131ndaki tesirini k\u0131ymetlendirmek \u00fczere gereksinim anlar\u0131nda oyuna dahil edilecek. Yerden oyunlarda rand\u0131man al\u0131namayan En-Nesyri&#8217;nin rol\u00fc bu do\u011frultuda \u015fekillendi.\u00a0<\/p>\n<p> <strong>PERFORMANSI<\/strong><\/p>\n<p>Sar\u0131 lacivertlilerde 45 ma\u00e7ta vazife alan Fasl\u0131 y\u0131ld\u0131z, 26 gol 5 asistlik katk\u0131 sa\u011flad\u0131.\u00a0 <\/p>\n<div>\u00a0<\/div>\n<\/div>\n<p><\/p>\n","protected":false},"excerpt":{"rendered":"<p>Fenerbah\u00e7e Teknik Y\u00f6neticisi Jose Mourinho, Fasl\u0131 golc\u00fc Youssef En Nesyri i\u00e7in karar\u0131n\u0131 verdi.<\/p>\n","protected":false},"author":1,"featured_media":43139,"comment_status":"open","ping_status":"open","sticky":false,"template":"","format":"standard","meta":{"footnotes":""},"categories":[25],"tags":[],"class_list":["post-43138","post","type-post","status-publish","format-standard","has-post-thumbnail","hentry","category-futbol"],"_links":{"self":[{"href":"https:\/\/haberbesiktas.tr\/index.php?rest_route=\/wp\/v2\/posts\/43138","targetHints":{"allow":["GET"]}}],"collection":[{"href":"https:\/\/haberbesiktas.tr\/index.php?rest_route=\/wp\/v2\/posts"}],"about":[{"href":"https:\/\/haberbesiktas.tr\/index.php?rest_route=\/wp\/v2\/types\/post"}],"author":[{"embeddable":true,"href":"https:\/\/haberbesiktas.tr\/index.php?rest_route=\/wp\/v2\/users\/1"}],"replies":[{"embeddable":true,"href":"https:\/\/haberbesiktas.tr\/index.php?rest_route=%2Fwp%2Fv2%2Fcomments&post=43138"}],"version-history":[{"count":1,"href":"https:\/\/haberbesiktas.tr\/index.php?rest_route=\/wp\/v2\/posts\/43138\/revisions"}],"predecessor-version":[{"id":43140,"href":"https:\/\/haberbesiktas.tr\/index.php?rest_route=\/wp\/v2\/posts\/43138\/revisions\/43140"}],"wp:featuredmedia":[{"embeddable":true,"href":"https:\/\/haberbesiktas.tr\/index.php?rest_route=\/wp\/v2\/media\/43139"}],"wp:attachment":[{"href":"https:\/\/haberbesiktas.tr\/index.php?rest_route=%2Fwp%2Fv2%2Fmedia&parent=43138"}],"wp:term":[{"taxonomy":"category","embeddable":true,"href":"https:\/\/haberbesiktas.tr\/index.php?rest_route=%2Fwp%2Fv2%2Fcategories&post=43138"},{"taxonomy":"post_tag","embeddable":true,"href":"https:\/\/haberbesiktas.tr\/index.php?rest_route=%2Fwp%2Fv2%2Ftags&post=43138"}],"curies":[{"name":"wp","href":"https:\/\/api.w.org\/{rel}","templated":true}]}}