{"id":43144,"date":"2025-06-29T20:24:08","date_gmt":"2025-06-29T20:24:08","guid":{"rendered":"https:\/\/haberbesiktas.tr\/?p=43144"},"modified":"2025-06-29T20:24:08","modified_gmt":"2025-06-29T20:24:08","slug":"besiktas-baskani-serdal-adali-pfdkya-sevk-edildi","status":"publish","type":"post","link":"https:\/\/haberbesiktas.tr\/?p=43144","title":{"rendered":"Be\u015fikta\u015f Ba\u015fkan\u0131 Serdal Adal\u0131, PFDK&#8217;ya sevk edildi!"},"content":{"rendered":"<div>\n<p>Profesyonel Futbol Disiplin Kurulu (PFDK), d\u00fcn yapt\u0131\u011f\u0131 toplant\u0131 sonras\u0131 disiplin sevklerini a\u00e7\u0131klad\u0131.<\/p>\n<p> T\u00fcrkiye Futbol Federasyonu&#8217;nun resmi internet sitesinden yay\u0131nlanan sevkler \u015f\u00f6yle;<\/p>\n<p> &#8220;1 &#8211; Samsunspor Kul\u00fcb\u00fc&#8217;n\u00fcn 11.04.2025 tarihinde oynanan Samsunspor &#8211; Galatasaray Trendyol S\u00fcper Lig \u015eamil Ekinci D\u00f6nemi kar\u015f\u0131la\u015fmas\u0131ndaki &#8216;\u00c7irkin ve berbat tezah\u00fcrat\u0131&#8217; nedeniyle Futbol Disiplin Talimat\u0131&#8217;n\u0131n 53. unsuru uyar\u0131nca PFDK&#8217;ya sevkine karar verilmi\u015ftir.<\/p>\n<p> 2 &#8211; Galatasaray Kul\u00fcb\u00fc&#8217;n\u00fcn 11.04.2025 tarihinde oynanan Samsunspor &#8211; Galatasaray Trendyol S\u00fcper Lig \u015eamil Ekinci D\u00f6nemi kar\u015f\u0131la\u015fmas\u0131ndaki &#8216;Saha olaylar\u0131&#8217; nedeniyle Futbol Disiplin Talimat\u0131&#8217;n\u0131n 52. unsuru uyar\u0131nca PFDK&#8217;ya sevkine karar verilmi\u015ftir.<\/p>\n<p> 3 &#8211; G\u00f6ztepe Kul\u00fcb\u00fc&#8217;n\u00fcn 12.04.2025 tarihinde oynanan Konyaspor &#8211; G\u00f6ztepe Trendyol S\u00fcper Lig \u015eamil Ekinci D\u00f6nemi kar\u015f\u0131la\u015fmas\u0131ndaki &#8216;Saha olaylar\u0131&#8217; nedeniyle Futbol Disiplin Talimat\u0131&#8217;n\u0131n 52. unsuru uyar\u0131nca PFDK&#8217;ya sevkine karar verilmi\u015ftir.<\/p>\n<p> 4 &#8211; Be\u015fikta\u015f Kul\u00fcb\u00fc&#8217;n\u00fcn 12.04.2025 tarihinde oynanan Be\u015fikta\u015f &#8211; Ba\u015fak\u015fehir Trendyol S\u00fcper Lig \u015eamil Ekinci D\u00f6nemi kar\u015f\u0131la\u015fmas\u0131ndaki &#8216;\u00c7irkin ve makus tezah\u00fcrat\u0131&#8217; nedeniyle Futbol Disiplin Talimat\u0131&#8217;n\u0131n 53. unsuru uyar\u0131nca ve &#8216;Saha olaylar\u0131&#8217; nedeniyle Futbol Disiplin Talimat\u0131&#8217;n\u0131n 52. hususu uyar\u0131nca PFDK&#8217;ya sevkine karar verilmi\u015ftir.<\/p>\n<p> 5 &#8211; Be\u015fikta\u015f Kul\u00fcb\u00fc&#8217;n\u00fcn, 12.04.2025 tarihinde Kul\u00fcp Ba\u015fkan\u0131 Serdal Adal\u0131&#8217;n\u0131n a\u00e7\u0131klamalar\u0131nda yer alan beyanlar\u0131n\u0131n kul\u00fcp resmi internet sitesinden yay\u0131nlanmas\u0131 suretiyle &#8216;Futbolun prestijini zedelemeye y\u00f6nelik a\u00e7\u0131klamalar&#8217; nedeniyle Futbol Disiplin Talimat\u0131&#8217;n\u0131n 38. hususu uyar\u0131nca PFDK&#8217;ya sevkine,<\/p>\n<p> Be\u015fikta\u015f Kul\u00fcb\u00fc Lideri Serdal Adal\u0131&#8217;n\u0131n Divan Heyeti&#8217;nde yapm\u0131\u015f oldu\u011fu ve kul\u00fcp resmi internet sitesinden 12.04.2025 tarihinde yay\u0131nlanan a\u00e7\u0131klamalarda yer alan &#8216;Futbolun prestijini zedelemeye y\u00f6nelik a\u00e7\u0131klamalar&#8217; nedeniyle Futbol Disiplin Talimat\u0131&#8217;n\u0131n 38\/1 ve 38\/2. hususu uyar\u0131nca PFDK&#8217;ya sevkine karar verilmi\u015ftir. (Halihaz\u0131rda cezal\u0131)<\/p>\n<p> 6 &#8211; Ba\u015fak\u015fehir Futbol Kul\u00fcb\u00fc&#8217;n\u00fcn 12.04.2025 tarihinde oynanan Be\u015fikta\u015f &#8211; Ba\u015fak\u015fehir Trendyol S\u00fcper Lig \u015eamil Ekinci D\u00f6nemi kar\u015f\u0131la\u015fmas\u0131ndaki &#8216;\u00c7irkin ve berbat tezah\u00fcrat\u0131&#8217; nedeniyle Futbol Disiplin Talimat\u0131&#8217;n\u0131n 53. unsuru uyar\u0131nca PFDK&#8217;ya sevkine karar verilmi\u015ftir.<\/p>\n<p> 7- Kayserispor Kul\u00fcb\u00fc&#8217;n\u00fcn 13.04.2025 tarihinde oynanan Kayserispor &#8211; Kas\u0131mpa\u015fa Trendyol S\u00fcper Lig \u015eamil Ekinci D\u00f6nemi kar\u015f\u0131la\u015fmas\u0131ndaki &#8216;\u00c7irkin ve mak\u00fbs tezah\u00fcrat\u0131&#8217; nedeniyle Futbol Disiplin Talimat\u0131&#8217;n\u0131n 53. unsuru uyar\u0131nca, &#8216;saha olaylar\u0131&#8217; nedeniyle Futbol Disiplin Talimat\u0131&#8217;n\u0131n 52. unsuru uyar\u0131nca, &#8216;Usuls\u00fcz seyirci al\u0131nmas\u0131&#8217; nedeniyle Futbol Disiplin Talimat\u0131&#8217;n\u0131n 49. hususu uyar\u0131nca, &#8216;merdiven bo\u015fluklar\u0131n\u0131n bo\u015f b\u0131rak\u0131lmamas\u0131&#8217; nedeniyle Futbol Disiplin Talimat\u0131&#8217;n\u0131n 49. hususu uyar\u0131nca ve &#8216;Talimatlara kar\u015f\u0131t hareketi&#8217; nedeniyle Futbol Disiplin Talimat\u0131&#8217;n\u0131n 46. hususu ile Akreditasyon Talimat\u0131&#8217;n\u0131n 4. hususu uyar\u0131nca PFDK&#8217;ya sevkine,<\/p>\n<p> Kayserispor Kul\u00fcb\u00fc idarecisi S\u00fcleyman Ak\u0131n&#8217;\u0131n birebir kar\u015f\u0131la\u015fmadaki &#8216;Talimatlara ters hareketi&#8217; nedeniyle Futbol Disiplin Talimat\u0131&#8217;n\u0131n 46. unsuru ile 2024-2025 Sezonu S\u00fcper Lig Kar\u015f\u0131la\u015fmalar\u0131 Stat\u00fcs\u00fc&#8217;n\u00fcn 8\/4 hususu uyar\u0131nca15.04.2025 tarihinden itibaren \u00f6nlemli olarak PFDK&#8217;ya sevkine,<\/p>\n<p> Kayserispor Kul\u00fcb\u00fc vazifelisi Okan Akkaya&#8217;n\u0131n birebir kar\u015f\u0131la\u015fmadaki &#8216;Talimatlara kar\u015f\u0131t hareketi&#8217; nedeniyle Futbol Disiplin Talimat\u0131&#8217;n\u0131n 46. hususu ile 2024-2025 Sezonu S\u00fcper Lig Kar\u015f\u0131la\u015fmalar\u0131 Stat\u00fcs\u00fc&#8217;n\u00fcn 8\/4 hususu uyar\u0131nca15.04.2025 tarihinden itibaren \u00f6nlemli olarak PFDK&#8217;ya sevkine,<\/p>\n<p> Kayserispor Kul\u00fcb\u00fc vazifelisi Fatma Arman&#8217;\u0131n t\u0131pk\u0131 kar\u015f\u0131la\u015fmadaki &#8216;Talimatlara ters hareketi&#8217; nedeniyle Futbol Disiplin Talimat\u0131&#8217;n\u0131n 46. unsuru ile 2024-2025 Sezonu S\u00fcper Lig Kar\u015f\u0131la\u015fmalar\u0131 Stat\u00fcs\u00fc&#8217;n\u00fcn 8\/4 hususu uyar\u0131nca15.04.2025 tarihinden itibaren \u00f6nlemli olarak PFDK&#8217;ya sevkine karar verilmi\u015ftir.<\/p>\n<p> 8 &#8211; Trabzonspor Kul\u00fcb\u00fc&#8217;n\u00fcn 13.04.2025 tarihinde oynanan Trabzonspor &#8211; \u00c7aykur Rizespor Trendyol S\u00fcper Lig \u015eamil Ekinci D\u00f6nemi kar\u015f\u0131la\u015fmas\u0131ndaki &#8216;\u00c7irkin ve mak\u00fbs tezah\u00fcrat\u0131&#8217; nedeniyle Futbol Disiplin Talimat\u0131&#8217;n\u0131n 53. hususu uyar\u0131nca PFDK&#8217;ya sevkine karar verilmi\u015ftir.<\/p>\n<p> 9 &#8211; \u00c7aykur Rizespor Kul\u00fcb\u00fc&#8217;n\u00fcn 13.04.2025 tarihinde oynanan Trabzonspor &#8211; \u00c7aykur Rizespor Trendyol S\u00fcper Lig \u015eamil Ekinci D\u00f6nemi kar\u015f\u0131la\u015fmas\u0131ndaki &#8216;\u00c7irkin ve makus tezah\u00fcrat\u0131&#8217; nedeniyle Futbol Disiplin Talimat\u0131&#8217;n\u0131n 53. unsuru uyar\u0131nca, &#8216;Saha olaylar\u0131&#8217; nedeniyle Futbol Disiplin Talimat\u0131&#8217;n\u0131n 52. hususu uyar\u0131nca ve &#8216;Merdiven bo\u015fluklar\u0131n\u0131n bo\u015f b\u0131rak\u0131lmamas\u0131&#8217; nedeniyle Futbol Disiplin Talimat\u0131&#8217;n\u0131n 49. hususu uyar\u0131nca PFDK&#8217;ya sevkine karar verilmi\u015ftir.&#8221;<\/p>\n<\/div>\n<p><\/p>\n","protected":false},"excerpt":{"rendered":"<p>Trendyol Harika Lig&#8217;den 8 kul\u00fcp, Profesyonel Futbol Disiplin \u015euras\u0131&#8217;na (PFDK) sevk edildi. Be\u015fikta\u015f Kul\u00fcb\u00fc Lideri Serdal Adal\u0131 da PFDK&#8217;ya sevk edildi.<\/p>\n","protected":false},"author":1,"featured_media":43145,"comment_status":"open","ping_status":"open","sticky":false,"template":"","format":"standard","meta":{"footnotes":""},"categories":[25],"tags":[172,761,2025,3227,855],"class_list":["post-43144","post","type-post","status-publish","format-standard","has-post-thumbnail","hentry","category-futbol","tag-futbol","tag-sezonu","tag-tarihinde","tag-trendyol","tag-uyarinca"],"_links":{"self":[{"href":"https:\/\/haberbesiktas.tr\/index.php?rest_route=\/wp\/v2\/posts\/43144","targetHints":{"allow":["GET"]}}],"collection":[{"href":"https:\/\/haberbesiktas.tr\/index.php?rest_route=\/wp\/v2\/posts"}],"about":[{"href":"https:\/\/haberbesiktas.tr\/index.php?rest_route=\/wp\/v2\/types\/post"}],"author":[{"embeddable":true,"href":"https:\/\/haberbesiktas.tr\/index.php?rest_route=\/wp\/v2\/users\/1"}],"replies":[{"embeddable":true,"href":"https:\/\/haberbesiktas.tr\/index.php?rest_route=%2Fwp%2Fv2%2Fcomments&post=43144"}],"version-history":[{"count":1,"href":"https:\/\/haberbesiktas.tr\/index.php?rest_route=\/wp\/v2\/posts\/43144\/revisions"}],"predecessor-version":[{"id":43146,"href":"https:\/\/haberbesiktas.tr\/index.php?rest_route=\/wp\/v2\/posts\/43144\/revisions\/43146"}],"wp:featuredmedia":[{"embeddable":true,"href":"https:\/\/haberbesiktas.tr\/index.php?rest_route=\/wp\/v2\/media\/43145"}],"wp:attachment":[{"href":"https:\/\/haberbesiktas.tr\/index.php?rest_route=%2Fwp%2Fv2%2Fmedia&parent=43144"}],"wp:term":[{"taxonomy":"category","embeddable":true,"href":"https:\/\/haberbesiktas.tr\/index.php?rest_route=%2Fwp%2Fv2%2Fcategories&post=43144"},{"taxonomy":"post_tag","embeddable":true,"href":"https:\/\/haberbesiktas.tr\/index.php?rest_route=%2Fwp%2Fv2%2Ftags&post=43144"}],"curies":[{"name":"wp","href":"https:\/\/api.w.org\/{rel}","templated":true}]}}