{"id":43183,"date":"2025-06-29T23:00:06","date_gmt":"2025-06-29T23:00:06","guid":{"rendered":"https:\/\/haberbesiktas.tr\/?p=43183"},"modified":"2025-06-29T23:00:06","modified_gmt":"2025-06-29T23:00:06","slug":"kroenke-malone-ve-boothun-gonderilmesi-aylar-oncesine-dayaniyor","status":"publish","type":"post","link":"https:\/\/haberbesiktas.tr\/?p=43183","title":{"rendered":"Kroenke: &#8220;Malone ve Booth&#8217;un g\u00f6nderilmesi aylar \u00f6ncesine dayan\u0131yor&#8221;"},"content":{"rendered":"<div>Denver Nuggets ba\u015fkan\u0131 Josh Kroenke, tak\u0131m\u0131n ba\u015fantren\u00f6r\u00fc Michael Malone ve genel menajer Calvin Booth&#8217;un misyonlar\u0131na son verilmesinin arkas\u0131ndaki s\u00fcreci ayr\u0131nt\u0131land\u0131rd\u0131.<\/p>\n<p> Kroenke, d\u00f6nem i\u00e7inde iki defa bu karar\u0131 almay\u0131 d\u00fc\u015f\u00fcnd\u00fc\u011f\u00fcn\u00fc fakat son ata\u011f\u0131n\u0131 \u00fc\u00e7 ma\u00e7 kala ger\u00e7ekle\u015ftirdi\u011fini s\u00f6yledi.<\/p>\n<p> Kas\u0131m ay\u0131nda ekibi k\u0131ymetlendirme s\u00fcrecine soktu\u011funu belirten Kroenke, All-Star ortas\u0131na sekiz ma\u00e7l\u0131k galibiyet serisiyle girilmesinin karar\u0131n\u0131 geciktirdi\u011fini tabir etti. Lakin bu galibiyetlerin bir\u00e7oklar\u0131n\u0131n play-off potas\u0131nda olmayan gruplara kar\u015f\u0131 gelmesi, perde ard\u0131nda ya\u015fanan meseleleri gizledi\u011fini lisana getirdi.<\/p>\n<p> Kroenke, Malone ve Booth&#8217;un tak\u0131m planlamalar\u0131 konusunda uzun m\u00fcddettir uyu\u015fmazl\u0131k ya\u015fad\u0131\u011f\u0131n\u0131 ve bunun tertip i\u00e7inde toksik bir ortam yaratt\u0131\u011f\u0131n\u0131 belirtti. Bu durumun kadronun performans\u0131n\u0131 etkiledi\u011fini s\u00f6yleyen lider, bu nedenle her iki ismin de vazifesine son verildi\u011fini s\u00f6yledi.<\/p>\n<p> Bas\u0131n toplant\u0131s\u0131nda konu\u015fan Kroenke,<strong> &#8220;Calvin ve Ko\u00e7 Malone&#8217;a te\u015fekk\u00fcr ederek ba\u015flamak istiyorum. A\u00e7\u0131k konu\u015fmak gerekirse, ikisi de bunu hak etmedi. Bu y\u00fczden onlardan \u00f6z\u00fcr diliyorum,&#8221;<\/strong> dedi.<\/p>\n<p> S\u00fcreksiz ko\u00e7 David Adelman idaresinde \u00fc\u00e7te \u00fc\u00e7 yapan Nuggets, Bat\u0131 Konferans\u0131&#8217;n\u0131 d\u00f6rd\u00fcnc\u00fc s\u0131rada tamamlayarak \u00fcst \u00fcste \u00fc\u00e7\u00fcnc\u00fc kere 50 galibiyete ula\u015ft\u0131. Birinci cinste Los Angeles Clippers ile e\u015fle\u015ftiler.<\/p>\n<p> Yeni GM ve ko\u00e7 aray\u0131\u015f\u0131na d\u00f6nem bitince ba\u015flanaca\u011f\u0131n\u0131 a\u00e7\u0131klayan Kroenke, s\u00fcreksiz GM olarak Ben Tenzer&#8217;i atad\u0131\u011f\u0131n\u0131 da duyurdu.<\/p>\n<\/div>\n<p><\/p>\n","protected":false},"excerpt":{"rendered":"<p>Denver Nuggets ba\u015fkan\u0131 Josh Kroenke, tak\u0131m\u0131n ba\u015fantren\u00f6r\u00fc Michael Malone ve genel menajer Calvin Booth&#8217;un vazifelerine son verilmesinin arkas\u0131ndaki s\u00fcreci ayr\u0131nt\u0131land\u0131rd\u0131.<\/p>\n","protected":false},"author":1,"featured_media":43184,"comment_status":"open","ping_status":"open","sticky":false,"template":"","format":"standard","meta":{"footnotes":""},"categories":[10],"tags":[],"class_list":["post-43183","post","type-post","status-publish","format-standard","has-post-thumbnail","hentry","category-basketbol"],"_links":{"self":[{"href":"https:\/\/haberbesiktas.tr\/index.php?rest_route=\/wp\/v2\/posts\/43183","targetHints":{"allow":["GET"]}}],"collection":[{"href":"https:\/\/haberbesiktas.tr\/index.php?rest_route=\/wp\/v2\/posts"}],"about":[{"href":"https:\/\/haberbesiktas.tr\/index.php?rest_route=\/wp\/v2\/types\/post"}],"author":[{"embeddable":true,"href":"https:\/\/haberbesiktas.tr\/index.php?rest_route=\/wp\/v2\/users\/1"}],"replies":[{"embeddable":true,"href":"https:\/\/haberbesiktas.tr\/index.php?rest_route=%2Fwp%2Fv2%2Fcomments&post=43183"}],"version-history":[{"count":1,"href":"https:\/\/haberbesiktas.tr\/index.php?rest_route=\/wp\/v2\/posts\/43183\/revisions"}],"predecessor-version":[{"id":43185,"href":"https:\/\/haberbesiktas.tr\/index.php?rest_route=\/wp\/v2\/posts\/43183\/revisions\/43185"}],"wp:featuredmedia":[{"embeddable":true,"href":"https:\/\/haberbesiktas.tr\/index.php?rest_route=\/wp\/v2\/media\/43184"}],"wp:attachment":[{"href":"https:\/\/haberbesiktas.tr\/index.php?rest_route=%2Fwp%2Fv2%2Fmedia&parent=43183"}],"wp:term":[{"taxonomy":"category","embeddable":true,"href":"https:\/\/haberbesiktas.tr\/index.php?rest_route=%2Fwp%2Fv2%2Fcategories&post=43183"},{"taxonomy":"post_tag","embeddable":true,"href":"https:\/\/haberbesiktas.tr\/index.php?rest_route=%2Fwp%2Fv2%2Ftags&post=43183"}],"curies":[{"name":"wp","href":"https:\/\/api.w.org\/{rel}","templated":true}]}}