{"id":43196,"date":"2025-06-29T23:48:08","date_gmt":"2025-06-29T23:48:08","guid":{"rendered":"https:\/\/haberbesiktas.tr\/?p=43196"},"modified":"2025-06-29T23:48:08","modified_gmt":"2025-06-29T23:48:08","slug":"antalyasporda-kulube-destek-icin-festival","status":"publish","type":"post","link":"https:\/\/haberbesiktas.tr\/?p=43196","title":{"rendered":"Antalyaspor&#8217;da kul\u00fcbe destek i\u00e7in festival!"},"content":{"rendered":"<div>Antalyaspor Kul\u00fcb\u00fc Lideri Mustafa Erg\u00fcn, kul\u00fcbe maddi takviye sa\u011flamak i\u00e7in d\u00f6nem bittikten sonra bir dizi konserlerden olu\u015fan Antalyaspor Gen\u00e7lik \u015eenli\u011fi d\u00fczenleyeceklerini bildirdi.<\/p>\n<p> Mustafa Erg\u00fcn, Atilla Vehbi Konuk Tesisleri&#8217;nde gazetecilerle bir ortaya geldi.<\/p>\n<p> Misyona gelirken kul\u00fcb\u00fcn mali durumunu yeterli bildiklerini tabir eden Erg\u00fcn, de\u011ferli sabit geliri olmayan kul\u00fcb\u00fcn 17 bran\u015fta hizmet verdi\u011fini belirtti.<\/p>\n<p> Ziyan eden 3-4 bran\u015f\u0131 kapatt\u0131klar\u0131n\u0131 lisana getiren Erg\u00fcn, y\u00fczme, atletizm, su topu \u00fczere bran\u015flar\u0131n da bulduklar\u0131 sponsorlar sayesinde faaliyetlerine devam etti\u011fini kaydetti.<\/p>\n<p> Kul\u00fcb\u00fcn altyap\u0131lar\u0131nda 1300 sportmen bulundu\u011funu anlatan Erg\u00fcn, &#8220;Fazla bran\u015flar\u0131 kapatt\u0131\u011f\u0131m\u0131zdan \u00f6t\u00fcr\u00fc birtak\u0131m i\u015f\u00e7i ile yollar\u0131m\u0131z\u0131 ay\u0131rd\u0131k. \u0130\u015f\u00e7i say\u0131m\u0131z\u0131 110&#8217;dan 75&#8217;e d\u00fc\u015f\u00fcrd\u00fck. \u00c7al\u0131\u015fanlar\u0131n birden fazla da futbol okullar\u0131 ve \u00f6b\u00fcr bran\u015flardaki antren\u00f6rlerimiz.&#8221; dedi.<\/p>\n<p> <strong>&#8220;Voleybol alan\u0131n\u0131n b\u00fct\u00e7esi, sponsoru haz\u0131r&#8221;<\/strong><\/p>\n<p> Mustafa Erg\u00fcn, gelir sa\u011flamak i\u00e7in kimi projeler ba\u015flatt\u0131klar\u0131n\u0131 belirterek, &#8220;Havuzun \u00fcst\u00fcn\u00fc kapatma projesini ba\u015flatt\u0131k. \u0130halesi tamamland\u0131. Haziran ay\u0131n\u0131n ba\u015f\u0131nda a\u00e7\u0131lacak. Voleybol alan\u0131n\u0131n b\u00fct\u00e7esi, sponsoru haz\u0131r. \u0130lgili m\u00fcsaadeler \u00e7\u0131k\u0131nca ona da ba\u015flayaca\u011f\u0131z. Haziran ay\u0131nda lig bittikten sonra Antalyaspor Gen\u00e7lik \u015eenli\u011fi d\u00fczenleyece\u011fiz. Bu aktiflikte \u00e7e\u015fitli konserlerimiz olacak. Antalyaspor Stadyumu&#8217;nda yap\u0131lacak \u015fenlikten kul\u00fcbe gelir elde etmeyi planl\u0131yoruz. Antalyaspor Oteli&#8217;yle ilgili de proje haz\u0131r. B\u00fcy\u00fck\u015fehir Belediyesinden kul\u00fcbe sabit gelir getirecek birka\u00e7 projenin de kelam\u0131n\u0131 ald\u0131m.&#8221; diye konu\u015ftu.<\/p>\n<p> Antalyaspor A\u015e ba\u015fkanl\u0131\u011f\u0131na aday olmad\u0131\u011f\u0131n\u0131 vurgulayan Erg\u00fcn, &#8220;Mevcut liderimiz Sinan Boztepe &#8216;Ben b\u0131rak\u0131yorum, yoruldum.&#8217; derse alternatifimiz haz\u0131r. Antalyaspor sahipsiz de\u011fil. B plan\u0131m\u0131z var. Lakin Sinan lider devam edece\u011fini belirtirse de devam eder. Bu kul\u00fcp i\u00e7in \u00e7ok emek harcad\u0131.&#8221; tabirlerini kulland\u0131.<\/p>\n<\/div>\n<p><\/p>\n","protected":false},"excerpt":{"rendered":"<p>Antalyaspor&#8217;a dayanak i\u00e7in Antalyaspor Gen\u00e7lik \u015eenli\u011fi d\u00fczenlenecek.<\/p>\n","protected":false},"author":1,"featured_media":43197,"comment_status":"open","ping_status":"open","sticky":false,"template":"","format":"standard","meta":{"footnotes":""},"categories":[25],"tags":[256,259,1087],"class_list":["post-43196","post","type-post","status-publish","format-standard","has-post-thumbnail","hentry","category-futbol","tag-antalyaspor","tag-ergun","tag-gelir"],"_links":{"self":[{"href":"https:\/\/haberbesiktas.tr\/index.php?rest_route=\/wp\/v2\/posts\/43196","targetHints":{"allow":["GET"]}}],"collection":[{"href":"https:\/\/haberbesiktas.tr\/index.php?rest_route=\/wp\/v2\/posts"}],"about":[{"href":"https:\/\/haberbesiktas.tr\/index.php?rest_route=\/wp\/v2\/types\/post"}],"author":[{"embeddable":true,"href":"https:\/\/haberbesiktas.tr\/index.php?rest_route=\/wp\/v2\/users\/1"}],"replies":[{"embeddable":true,"href":"https:\/\/haberbesiktas.tr\/index.php?rest_route=%2Fwp%2Fv2%2Fcomments&post=43196"}],"version-history":[{"count":1,"href":"https:\/\/haberbesiktas.tr\/index.php?rest_route=\/wp\/v2\/posts\/43196\/revisions"}],"predecessor-version":[{"id":43198,"href":"https:\/\/haberbesiktas.tr\/index.php?rest_route=\/wp\/v2\/posts\/43196\/revisions\/43198"}],"wp:featuredmedia":[{"embeddable":true,"href":"https:\/\/haberbesiktas.tr\/index.php?rest_route=\/wp\/v2\/media\/43197"}],"wp:attachment":[{"href":"https:\/\/haberbesiktas.tr\/index.php?rest_route=%2Fwp%2Fv2%2Fmedia&parent=43196"}],"wp:term":[{"taxonomy":"category","embeddable":true,"href":"https:\/\/haberbesiktas.tr\/index.php?rest_route=%2Fwp%2Fv2%2Fcategories&post=43196"},{"taxonomy":"post_tag","embeddable":true,"href":"https:\/\/haberbesiktas.tr\/index.php?rest_route=%2Fwp%2Fv2%2Ftags&post=43196"}],"curies":[{"name":"wp","href":"https:\/\/api.w.org\/{rel}","templated":true}]}}