{"id":43203,"date":"2025-06-30T00:12:06","date_gmt":"2025-06-30T00:12:06","guid":{"rendered":"https:\/\/haberbesiktas.tr\/?p=43203"},"modified":"2025-06-30T00:12:06","modified_gmt":"2025-06-30T00:12:06","slug":"karsiyakaya-hakan-sayilidan-kotu-haber","status":"publish","type":"post","link":"https:\/\/haberbesiktas.tr\/?p=43203","title":{"rendered":"Kar\u015f\u0131yaka&#8217;ya Hakan Say\u0131l\u0131&#8217;dan k\u00f6t\u00fc haber!"},"content":{"rendered":"<div>Basketbol \u00dcst\u00fcn Ligi&#8217;nde Alia\u011fa Petkimspor&#8217;u uzatmada yenerek bitime 5 hafta kala hem ligde kalma yar\u0131\u015f\u0131nda b\u00fcy\u00fck oranda rahatlayan hem de Play-In oynama umutlar\u0131n\u0131 ye\u015ferten Kar\u015f\u0131yaka, Hakan Say\u0131l\u0131&#8217;n\u0131n sakatl\u0131\u011f\u0131na \u00fcz\u00fcld\u00fc.<\/p>\n<p> Son iki d\u00f6nemdir ye\u015fil-k\u0131rm\u0131z\u0131l\u0131lar\u0131n k\u0131ymetli oyuncular\u0131ndan olan, bu d\u00f6nem maa\u015f d\u00fc\u015f\u00fcncelerinin ya\u015fanarak tak\u0131m\u0131n de\u011ferli oranda da\u011f\u0131lmas\u0131na kar\u015f\u0131n kadroda kalan uzun forvet Petkimspor ma\u00e7\u0131nda sakatland\u0131. U\u011fra\u015f\u0131n ba\u015f\u0131nda \u00e7ok yeterli bir performans sergileyen, ayak bile\u011finden sakatlanmas\u0131na kar\u015f\u0131n bir m\u00fchlet daha oyuna devam edip hayati ehemmiyete sahip ma\u00e7ta ekibini yaln\u0131z b\u0131rakmayan 25 ya\u015f\u0131ndaki oyuncuda y\u0131rt\u0131k tespit edildi.<\/p>\n<p> Hakan&#8217;\u0131n yakla\u015f\u0131k 2 ay alanlardan uzak kalmas\u0131 bekleniyor. Hususla ilgili kul\u00fcpten yap\u0131lan a\u00e7\u0131klamada, &#8220;Alia\u011fa Petkimspor ma\u00e7\u0131 esnas\u0131nda ayak bile\u011finden sakatlan\u0131p oyuna devam edemeyen oyuncumuz Hakan Say\u0131l\u0131&#8217;n\u0131n yap\u0131lan denetimlerinde, ayak bile\u011fi d\u0131\u015f yan ba\u011f\u0131nda evre 3 y\u0131rt\u0131k tespit edilmi\u015f olup, oyuncumuzun tedavisine acilen ba\u015flanm\u0131\u015ft\u0131r&#8221; denildi.<\/p>\n<p> Petkimspor ma\u00e7\u0131nda 20 dakika m\u00fcddet alabilen Hakan Say\u0131l\u0131, 13 say\u0131 ve 5 ribaund ile oynam\u0131\u015ft\u0131. Kaf-Kaf, Hakan Say\u0131l\u0131&#8217;dan yoksun kadrosuyla ligde cumartesi g\u00fcn\u00fc d\u00fc\u015fme s\u0131n\u0131r\u0131ndaki Manisa Basket&#8217;e ligde kalmay\u0131 matematiksel olarak da garantilemek i\u00e7in konuk olacak.<\/p>\n<\/div>\n<p><\/p>\n","protected":false},"excerpt":{"rendered":"<p>Kar\u015f\u0131yaka&#8217;da Hakan Say\u0131l\u0131, sakatl\u0131\u011f\u0131 nedeniyle 2 ay forma giyemeyecek.<\/p>\n","protected":false},"author":1,"featured_media":43204,"comment_status":"open","ping_status":"open","sticky":false,"template":"","format":"standard","meta":{"footnotes":""},"categories":[10],"tags":[1951],"class_list":["post-43203","post","type-post","status-publish","format-standard","has-post-thumbnail","hentry","category-basketbol","tag-hakan"],"_links":{"self":[{"href":"https:\/\/haberbesiktas.tr\/index.php?rest_route=\/wp\/v2\/posts\/43203","targetHints":{"allow":["GET"]}}],"collection":[{"href":"https:\/\/haberbesiktas.tr\/index.php?rest_route=\/wp\/v2\/posts"}],"about":[{"href":"https:\/\/haberbesiktas.tr\/index.php?rest_route=\/wp\/v2\/types\/post"}],"author":[{"embeddable":true,"href":"https:\/\/haberbesiktas.tr\/index.php?rest_route=\/wp\/v2\/users\/1"}],"replies":[{"embeddable":true,"href":"https:\/\/haberbesiktas.tr\/index.php?rest_route=%2Fwp%2Fv2%2Fcomments&post=43203"}],"version-history":[{"count":1,"href":"https:\/\/haberbesiktas.tr\/index.php?rest_route=\/wp\/v2\/posts\/43203\/revisions"}],"predecessor-version":[{"id":43205,"href":"https:\/\/haberbesiktas.tr\/index.php?rest_route=\/wp\/v2\/posts\/43203\/revisions\/43205"}],"wp:featuredmedia":[{"embeddable":true,"href":"https:\/\/haberbesiktas.tr\/index.php?rest_route=\/wp\/v2\/media\/43204"}],"wp:attachment":[{"href":"https:\/\/haberbesiktas.tr\/index.php?rest_route=%2Fwp%2Fv2%2Fmedia&parent=43203"}],"wp:term":[{"taxonomy":"category","embeddable":true,"href":"https:\/\/haberbesiktas.tr\/index.php?rest_route=%2Fwp%2Fv2%2Fcategories&post=43203"},{"taxonomy":"post_tag","embeddable":true,"href":"https:\/\/haberbesiktas.tr\/index.php?rest_route=%2Fwp%2Fv2%2Ftags&post=43203"}],"curies":[{"name":"wp","href":"https:\/\/api.w.org\/{rel}","templated":true}]}}