{"id":43248,"date":"2025-06-30T03:12:07","date_gmt":"2025-06-30T03:12:07","guid":{"rendered":"https:\/\/haberbesiktas.tr\/?p=43248"},"modified":"2025-06-30T03:12:07","modified_gmt":"2025-06-30T03:12:07","slug":"amorimden-altay-bayindiri-uzen-karar","status":"publish","type":"post","link":"https:\/\/haberbesiktas.tr\/?p=43248","title":{"rendered":"Amorim&#8217;den Altay Bay\u0131nd\u0131r&#8217;\u0131 \u00fczen karar!"},"content":{"rendered":"<div>UEFA Avrupa Ligi&#8217;nde Lyon ile alan\u0131nda kar\u015f\u0131la\u015facak Manchester United&#8217;da teknik y\u00f6netici Ruben Amorim&#8217;in kaledeki tercihi a\u015fik\u00e2r oldu.<\/p>\n<p> Ruben Amorim, Lyon ile oynanacak r\u00f6van\u015f ma\u00e7\u0131nda kalede Andre Onana&#8217;ya forma verecek. Portekizli teknik adam, Lyon ma\u00e7\u0131 \u00f6ncesi d\u00fczenledi\u011fi bas\u0131n toplant\u0131s\u0131nda,<strong> &#8220;Bir antren\u00f6r ve oyuncu olarak, bu durumdaki bir oyuncuya yard\u0131mc\u0131 olabilecek \u015feyler yapmaya \u00e7al\u0131\u015ft\u0131\u011f\u0131m\u0131 d\u00fc\u015f\u00fcn\u00fcyorum. Oyuncular\u0131 fizik\u00ee olarak haz\u0131rlamaktan bahsediyoruz ancak t\u0131pk\u0131 vakitte onlar\u0131 zihinsel olarak da haz\u0131rlamal\u0131 ve y\u00f6netmeliyiz. Bu ma\u00e7ta benim fikrim Andre Onana&#8217;y\u0131 oynatmak.&#8221;<\/strong> diye konu\u015ftu.<\/p>\n<p> Kamerunlu file bek\u00e7isi, Lyon ile deplasmanda oynanan birinci ma\u00e7ta yenilen iki golde de b\u00fcy\u00fck yan\u0131lg\u0131 yapm\u0131\u015f ve b\u00fcy\u00fck reaksiyon \u00e7ekmi\u015fti. Bu kusurlar\u0131n akabinde Manchester United&#8217;\u0131n, Lyon ma\u00e7\u0131n\u0131n ard\u0131ndan ligde Newcastle United ile kar\u015f\u0131 kar\u015f\u0131ya geldi\u011fi gayrette Altay Bay\u0131nd\u0131r forma giymi\u015f ve ulusal file bek\u00e7isi Premier Lig&#8217;deki birinci ma\u00e7\u0131na \u00e7\u0131km\u0131\u015ft\u0131.<\/p>\n<p> Manchester United, UEFA Avrupa Ligi \u00e7eyrek final r\u00f6van\u015f ma\u00e7\u0131nda per\u015fembe g\u00fcn\u00fc alan\u0131nda Lyon ile kar\u015f\u0131la\u015facak. \u0130ki grup ortas\u0131nda Fransa&#8217;daki birinci ma\u00e7 2-2 sona ermi\u015fti.<\/p>\n<\/div>\n<p><\/p>\n","protected":false},"excerpt":{"rendered":"<p>Manchester United&#8217;\u0131n Lyon ile oynayaca\u011f\u0131 r\u00f6van\u015f ma\u00e7\u0131nda kalede Andre Onana forma giyecek.<\/p>\n","protected":false},"author":1,"featured_media":43249,"comment_status":"open","ping_status":"open","sticky":false,"template":"","format":"standard","meta":{"footnotes":""},"categories":[25],"tags":[61],"class_list":["post-43248","post","type-post","status-publish","format-standard","has-post-thumbnail","hentry","category-futbol","tag-lyon"],"_links":{"self":[{"href":"https:\/\/haberbesiktas.tr\/index.php?rest_route=\/wp\/v2\/posts\/43248","targetHints":{"allow":["GET"]}}],"collection":[{"href":"https:\/\/haberbesiktas.tr\/index.php?rest_route=\/wp\/v2\/posts"}],"about":[{"href":"https:\/\/haberbesiktas.tr\/index.php?rest_route=\/wp\/v2\/types\/post"}],"author":[{"embeddable":true,"href":"https:\/\/haberbesiktas.tr\/index.php?rest_route=\/wp\/v2\/users\/1"}],"replies":[{"embeddable":true,"href":"https:\/\/haberbesiktas.tr\/index.php?rest_route=%2Fwp%2Fv2%2Fcomments&post=43248"}],"version-history":[{"count":1,"href":"https:\/\/haberbesiktas.tr\/index.php?rest_route=\/wp\/v2\/posts\/43248\/revisions"}],"predecessor-version":[{"id":43250,"href":"https:\/\/haberbesiktas.tr\/index.php?rest_route=\/wp\/v2\/posts\/43248\/revisions\/43250"}],"wp:featuredmedia":[{"embeddable":true,"href":"https:\/\/haberbesiktas.tr\/index.php?rest_route=\/wp\/v2\/media\/43249"}],"wp:attachment":[{"href":"https:\/\/haberbesiktas.tr\/index.php?rest_route=%2Fwp%2Fv2%2Fmedia&parent=43248"}],"wp:term":[{"taxonomy":"category","embeddable":true,"href":"https:\/\/haberbesiktas.tr\/index.php?rest_route=%2Fwp%2Fv2%2Fcategories&post=43248"},{"taxonomy":"post_tag","embeddable":true,"href":"https:\/\/haberbesiktas.tr\/index.php?rest_route=%2Fwp%2Fv2%2Ftags&post=43248"}],"curies":[{"name":"wp","href":"https:\/\/api.w.org\/{rel}","templated":true}]}}