{"id":4327,"date":"2025-01-18T01:12:00","date_gmt":"2025-01-18T01:12:00","guid":{"rendered":"https:\/\/haberbesiktas.tr\/?p=4327"},"modified":"2025-01-18T01:12:00","modified_gmt":"2025-01-18T01:12:00","slug":"ibrahim-kutluay-fenerbahce-beko-final-four-yapacaktir","status":"publish","type":"post","link":"https:\/\/haberbesiktas.tr\/?p=4327","title":{"rendered":"\u0130brahim Kutluay: &#8220;Fenerbah\u00e7e Beko, Final-Four yapacakt\u0131r&#8221;"},"content":{"rendered":"<div>Basketbol yorumcusu \u0130brahim Kutluay, Fenerbah\u00e7e Beko&#8217;nun EuroLeague&#8217;deki durumunu k\u0131ymetlendirdi.<\/p>\n<p><strong>&#8220;FENERBAH\u00c7E, FINAL-FOUR YAPAR&#8221;<\/strong><\/p>\n<p>HT Spor&#8217;a konu\u015fan Kutluay, <strong>&#8220;<\/strong><span><strong>Fenerbah\u00e7e Beko kadrosunu be\u011feniyorum. Her t\u00fcrl\u00fc zorlu\u011fa kar\u015f\u0131n \u00e7ok d\u00fczg\u00fcn bir tak\u0131ma sahip. Bir\u00e7ok sakatl\u0131k oldu. Buna kar\u015f\u0131n saha avantaj\u0131n\u0131 al\u0131rsa Final-Four&#8217;a kalma ihtimali bile y\u00fcksek.&#8221;<\/strong> kelamlar\u0131n\u0131 sarf etti.<\/p>\n<p><strong>&#8220;O KADAR PROFESYONEL DE\u011e\u0130L\u0130M&#8221;<\/strong><\/p>\n<p>\u00d6te yandan Fenerbah\u00e7e&#8217;de forma giydi\u011fi periyoda dair konu\u015fan Kutluay,\u00a0<strong>&#8220;Galatasaray ve Be\u015fikta\u015f&#8217;ta oynayamazd\u0131m. O kadar da profesyonel de\u011filim. Fenerbah\u00e7e&#8217;ye ben 10 ya\u015f\u0131nda futbolcu olarak girdim. Fenerbah\u00e7eli olmak benim i\u00e7in \u00e7ok \u00f6zel. Ben her gitti\u011fim yerlerde Fenerbah\u00e7eli oldu\u011fumu hi\u00e7 saklamad\u0131m.&#8221;<\/strong> tabirlerini kulland\u0131.<\/span><\/div>\n","protected":false},"excerpt":{"rendered":"<p>Basketbol yorumcusu \u0130brahim Kutluay, Fenerbah\u00e7e Beko&#8217;nun EuroLeague&#8217;deki durumunu k\u0131ymetlendirdi.<\/p>\n","protected":false},"author":1,"featured_media":4328,"comment_status":"open","ping_status":"open","sticky":false,"template":"","format":"standard","meta":{"footnotes":""},"categories":[10],"tags":[115],"class_list":["post-4327","post","type-post","status-publish","format-standard","has-post-thumbnail","hentry","category-basketbol","tag-fenerbahce"],"_links":{"self":[{"href":"https:\/\/haberbesiktas.tr\/index.php?rest_route=\/wp\/v2\/posts\/4327","targetHints":{"allow":["GET"]}}],"collection":[{"href":"https:\/\/haberbesiktas.tr\/index.php?rest_route=\/wp\/v2\/posts"}],"about":[{"href":"https:\/\/haberbesiktas.tr\/index.php?rest_route=\/wp\/v2\/types\/post"}],"author":[{"embeddable":true,"href":"https:\/\/haberbesiktas.tr\/index.php?rest_route=\/wp\/v2\/users\/1"}],"replies":[{"embeddable":true,"href":"https:\/\/haberbesiktas.tr\/index.php?rest_route=%2Fwp%2Fv2%2Fcomments&post=4327"}],"version-history":[{"count":1,"href":"https:\/\/haberbesiktas.tr\/index.php?rest_route=\/wp\/v2\/posts\/4327\/revisions"}],"predecessor-version":[{"id":4329,"href":"https:\/\/haberbesiktas.tr\/index.php?rest_route=\/wp\/v2\/posts\/4327\/revisions\/4329"}],"wp:featuredmedia":[{"embeddable":true,"href":"https:\/\/haberbesiktas.tr\/index.php?rest_route=\/wp\/v2\/media\/4328"}],"wp:attachment":[{"href":"https:\/\/haberbesiktas.tr\/index.php?rest_route=%2Fwp%2Fv2%2Fmedia&parent=4327"}],"wp:term":[{"taxonomy":"category","embeddable":true,"href":"https:\/\/haberbesiktas.tr\/index.php?rest_route=%2Fwp%2Fv2%2Fcategories&post=4327"},{"taxonomy":"post_tag","embeddable":true,"href":"https:\/\/haberbesiktas.tr\/index.php?rest_route=%2Fwp%2Fv2%2Ftags&post=4327"}],"curies":[{"name":"wp","href":"https:\/\/api.w.org\/{rel}","templated":true}]}}