{"id":43318,"date":"2025-06-30T07:36:10","date_gmt":"2025-06-30T07:36:10","guid":{"rendered":"https:\/\/haberbesiktas.tr\/?p=43318"},"modified":"2025-06-30T07:36:10","modified_gmt":"2025-06-30T07:36:10","slug":"real-madrid-arsenal-macina-var-damgasi","status":"publish","type":"post","link":"https:\/\/haberbesiktas.tr\/?p=43318","title":{"rendered":"Real Madrid &#8211; Arsenal ma\u00e7\u0131na VAR damgas\u0131!"},"content":{"rendered":"<div>Real Madrid ile Arsenal ortas\u0131ndaki UEFA \u015eampiyonlar Ligi \u00e7eyrek final r\u00f6van\u015f ma\u00e7\u0131n\u0131n birinci 25 dakikas\u0131na VAR kararlar\u0131 damga vurdu.<\/p>\n<p> Arsenal, \u00e7aban\u0131n 7. dakikas\u0131nda VAR ihtar\u0131yla penalt\u0131 kazand\u0131. Ma\u00e7\u0131n Frans\u0131z hakemi Fran\u00e7ois Letexier, VAR hakemi Jerome Brissard&#8217;\u0131n uyar\u0131s\u0131 \u00fczerine monit\u00f6re gitti. Raul Asencio&#8217;nun kornerde Mikel Merino&#8217;yu \u00e7ekti\u011fine h\u00fckmederek penalt\u0131 karar\u0131 verildi.<\/p>\n<p> Bukayo Saka&#8217;n\u0131n berbat panenka penalt\u0131s\u0131n\u0131n gol olmas\u0131na Courtois m\u00fcsaade vermedi.<\/p>\n<p> Real Madrid, 24. dakikada penalt\u0131 kazand\u0131. Yakla\u015f\u0131k 5 dakikal\u0131k VAR incelemesinin akabinde Brissard, Letexier&#8217;i bir defa daha monit\u00f6re \u00e7a\u011f\u0131rd\u0131.<\/p>\n<p> Letexier, Declan Rice&#8217;\u0131n Kylian Mbappe&#8217;ye faul yapmad\u0131\u011f\u0131na h\u00fckmederek penalt\u0131y\u0131 iptal edildi.<\/p>\n<p> Frans\u0131z hakemin kararlar\u0131, Bernabeu&#8217;da b\u00fcy\u00fck reaksiyonla kar\u015f\u0131land\u0131.<\/p>\n<\/div>\n<p><\/p>\n","protected":false},"excerpt":{"rendered":"<p>Arsenal kar\u015f\u0131s\u0131nda 3-0&#8217;\u0131n r\u00f6van\u015f\u0131nda mucize arayan Real Madrid aleyhine iki VAR karar\u0131 verildi. Bernabeu ayakland\u0131.<\/p>\n","protected":false},"author":1,"featured_media":43319,"comment_status":"open","ping_status":"open","sticky":false,"template":"","format":"standard","meta":{"footnotes":""},"categories":[25],"tags":[303],"class_list":["post-43318","post","type-post","status-publish","format-standard","has-post-thumbnail","hentry","category-futbol","tag-penalti"],"_links":{"self":[{"href":"https:\/\/haberbesiktas.tr\/index.php?rest_route=\/wp\/v2\/posts\/43318","targetHints":{"allow":["GET"]}}],"collection":[{"href":"https:\/\/haberbesiktas.tr\/index.php?rest_route=\/wp\/v2\/posts"}],"about":[{"href":"https:\/\/haberbesiktas.tr\/index.php?rest_route=\/wp\/v2\/types\/post"}],"author":[{"embeddable":true,"href":"https:\/\/haberbesiktas.tr\/index.php?rest_route=\/wp\/v2\/users\/1"}],"replies":[{"embeddable":true,"href":"https:\/\/haberbesiktas.tr\/index.php?rest_route=%2Fwp%2Fv2%2Fcomments&post=43318"}],"version-history":[{"count":1,"href":"https:\/\/haberbesiktas.tr\/index.php?rest_route=\/wp\/v2\/posts\/43318\/revisions"}],"predecessor-version":[{"id":43320,"href":"https:\/\/haberbesiktas.tr\/index.php?rest_route=\/wp\/v2\/posts\/43318\/revisions\/43320"}],"wp:featuredmedia":[{"embeddable":true,"href":"https:\/\/haberbesiktas.tr\/index.php?rest_route=\/wp\/v2\/media\/43319"}],"wp:attachment":[{"href":"https:\/\/haberbesiktas.tr\/index.php?rest_route=%2Fwp%2Fv2%2Fmedia&parent=43318"}],"wp:term":[{"taxonomy":"category","embeddable":true,"href":"https:\/\/haberbesiktas.tr\/index.php?rest_route=%2Fwp%2Fv2%2Fcategories&post=43318"},{"taxonomy":"post_tag","embeddable":true,"href":"https:\/\/haberbesiktas.tr\/index.php?rest_route=%2Fwp%2Fv2%2Ftags&post=43318"}],"curies":[{"name":"wp","href":"https:\/\/api.w.org\/{rel}","templated":true}]}}