{"id":43324,"date":"2025-06-30T08:00:12","date_gmt":"2025-06-30T08:00:12","guid":{"rendered":"https:\/\/haberbesiktas.tr\/?p=43324"},"modified":"2025-06-30T08:00:12","modified_gmt":"2025-06-30T08:00:12","slug":"carvajalden-sakaya-panenka-tepkisi","status":"publish","type":"post","link":"https:\/\/haberbesiktas.tr\/?p=43324","title":{"rendered":"Carvajal&#8217;den Saka&#8217;ya panenka tepkisi!"},"content":{"rendered":"<div>UEFA \u015eampiyonlar Ligi \u00c7eyrek Final ikinci ma\u00e7\u0131nda Real Madrid ile kar\u015f\u0131la\u015fan Arsenal&#8217;de Bukayo Latife penalt\u0131 at\u0131\u015f\u0131ndan yararlanamad\u0131.<\/p>\n<p>Real Madrid&#8217;in deneyimli sa\u011f beki Dani Carvajal, Arsenal ile oynanan ma\u00e7ta penalt\u0131 at\u0131\u015flar\u0131 s\u0131ras\u0131nda Bukayo Latife ile gerginlik ya\u015fad\u0131. <\/p>\n<div>Saka&#8217;n\u0131n panenka usul\u00fcnde penalt\u0131 denemesi, Carvajal&#8217;\u0131 k\u0131zd\u0131rd\u0131. \u0130spanyol futbolcu, bu denemeye sonlanarak Saka&#8217;y\u0131 itti ve k\u0131sa periyodik bir tart\u0131\u015fma ya\u015fand\u0131.\u00a0<\/div>\n<blockquote class=\"twitter-tweet\" data-width=\"500\" data-dnt=\"true\">\n<p lang=\"tr\" dir=\"ltr\">Bukayo Saka ve Dani Carvajal aras\u0131nda gerginlik! <a href=\"https:\/\/t.co\/NUltek7UOX\" rel=\"nofollow\">pic.twitter.com\/NUltek7UOX<\/a><\/p>\n<p>&mdash; Sporxtv (@sporxtv) <a href=\"https:\/\/twitter.com\/sporxtv\/status\/1912599598708727869?ref_src=twsrc%5Etfw\" rel=\"nofollow noopener\" target=\"_blank\">April 16, 2025<\/a><\/p><\/blockquote>\n<p><script async src=\"https:\/\/platform.twitter.com\/widgets.js\" charset=\"utf-8\"><\/script><\/p>\n<\/p><\/div>\n<p><\/p>\n","protected":false},"excerpt":{"rendered":"<p>UEFA \u015eampiyonlar Ligi \u00c7eyrek Final ikinci ma\u00e7\u0131nda Real Madrid ile kar\u015f\u0131la\u015fan Arsenal&#8217;de penalt\u0131 at\u0131\u015f\u0131ndan yararlanamayan Bukayo Saka&#8217;ya Real Madrid futbolcusu Dani Carvajal reaksiyon g\u00f6sterdi.<\/p>\n","protected":false},"author":1,"featured_media":43326,"comment_status":"open","ping_status":"open","sticky":false,"template":"","format":"standard","meta":{"footnotes":""},"categories":[25],"tags":[],"class_list":["post-43324","post","type-post","status-publish","format-standard","has-post-thumbnail","hentry","category-futbol"],"_links":{"self":[{"href":"https:\/\/haberbesiktas.tr\/index.php?rest_route=\/wp\/v2\/posts\/43324","targetHints":{"allow":["GET"]}}],"collection":[{"href":"https:\/\/haberbesiktas.tr\/index.php?rest_route=\/wp\/v2\/posts"}],"about":[{"href":"https:\/\/haberbesiktas.tr\/index.php?rest_route=\/wp\/v2\/types\/post"}],"author":[{"embeddable":true,"href":"https:\/\/haberbesiktas.tr\/index.php?rest_route=\/wp\/v2\/users\/1"}],"replies":[{"embeddable":true,"href":"https:\/\/haberbesiktas.tr\/index.php?rest_route=%2Fwp%2Fv2%2Fcomments&post=43324"}],"version-history":[{"count":1,"href":"https:\/\/haberbesiktas.tr\/index.php?rest_route=\/wp\/v2\/posts\/43324\/revisions"}],"predecessor-version":[{"id":43327,"href":"https:\/\/haberbesiktas.tr\/index.php?rest_route=\/wp\/v2\/posts\/43324\/revisions\/43327"}],"wp:featuredmedia":[{"embeddable":true,"href":"https:\/\/haberbesiktas.tr\/index.php?rest_route=\/wp\/v2\/media\/43326"}],"wp:attachment":[{"href":"https:\/\/haberbesiktas.tr\/index.php?rest_route=%2Fwp%2Fv2%2Fmedia&parent=43324"}],"wp:term":[{"taxonomy":"category","embeddable":true,"href":"https:\/\/haberbesiktas.tr\/index.php?rest_route=%2Fwp%2Fv2%2Fcategories&post=43324"},{"taxonomy":"post_tag","embeddable":true,"href":"https:\/\/haberbesiktas.tr\/index.php?rest_route=%2Fwp%2Fv2%2Ftags&post=43324"}],"curies":[{"name":"wp","href":"https:\/\/api.w.org\/{rel}","templated":true}]}}