{"id":4333,"date":"2025-01-18T02:11:58","date_gmt":"2025-01-18T02:11:58","guid":{"rendered":"https:\/\/haberbesiktas.tr\/?p=4333"},"modified":"2025-01-18T02:11:58","modified_gmt":"2025-01-18T02:11:58","slug":"deniz-manzarali-yaylada-kayak-yarislarina-hazirlaniyorlar","status":"publish","type":"post","link":"https:\/\/haberbesiktas.tr\/?p=4333","title":{"rendered":"Deniz manzaral\u0131 yaylada kayak yar\u0131\u015flar\u0131na haz\u0131rlan\u0131yorlar"},"content":{"rendered":"<p>Rize&#8217;nin G\u00fcneysu il\u00e7esinde G\u00fcneysu Spor Kul\u00fcb\u00fc taraf\u0131ndan 6 ay evvel kurulan kayakl\u0131 ko\u015fu kadrosunun atletleri, 1800 rak\u0131ml\u0131 deniz g\u00f6r\u00fcn\u00fcml\u00fc Hand\u00fcz\u00fc Yaylas\u0131&#8217;nda yar\u0131\u015flara haz\u0131rlan\u0131yorlar.<\/p>\n<p> G\u00fcneysu Spor Kul\u00fcb\u00fc \u00e7at\u0131s\u0131 alt\u0131nda temmuz ay\u0131nda kurulan Kayakl\u0131 Ko\u015fu Grubu&#8217;nun 36 sportmeni yar\u0131\u015flara haz\u0131rlan\u0131yor. Yakla\u015f\u0131k 6 ay evvel \u00f6\u011frendikleri kayakl\u0131 ko\u015fu sporunda geli\u015fim g\u00f6steren 10 sportmen, 1800 rak\u0131ml\u0131 Hand\u00fcz\u00fc Yaylas\u0131&#8217;nda s\u00fcrd\u00fcrd\u00fckleri idmanlarda, yar\u0131\u015flarda derece almak i\u00e7in ter d\u00f6k\u00fcyor. Daha evvel kayak grubuna yabanc\u0131 olan \u00f6\u011frenciler, art\u0131k ise deniz g\u00f6r\u00fcnt\u00fcl\u00fc da\u011f eteklerindeki kar \u00fczerinde adeta s\u00fcz\u00fcl\u00fcyor.<\/p>\n<p> <strong>&#8220;MADALYA BEKL\u0130YORUZ&#8221;<\/strong><\/p>\n<p> Atletlerinden madalya beklediklerini tabir eden antren\u00f6r Ay\u015fenur Duman \u00c7etinkaya, &#8220;Tak\u0131m\u0131m\u0131z bu y\u0131l yeni kuruldu ve m\u00fcsabakalara haz\u0131rlan\u0131yoruz. Pazartesi g\u00fcn\u00fc eleme yar\u0131\u015flar\u0131 i\u00e7in Erzurum&#8217;a yola \u00e7\u0131kaca\u011f\u0131z. Elemeyi ge\u00e7eceklerini d\u00fc\u015f\u00fcn\u00fcyorum. Elemeyi ge\u00e7tikten sonra 1 ve 2 t\u0131bb\u0131n akabinde T\u00fcrkiye \u015eampiyonas\u0131&#8217;nda ko\u015facaklar. Bu y\u0131l birden fazla atletimizden madalya bekliyoruz'&#8221; dedi.<\/p>\n<p> <strong>&#8220;30 ATLET\u0130M\u0130Z VAR&#8221;<\/strong><\/p>\n<p> Antren\u00f6r Cemal \u00c7etinkaya, 30 atletin 10 adedinin yar\u0131\u015flara kat\u0131laca\u011f\u0131n\u0131 lisana getirerek, &#8220;Bu sene temmuz ay\u0131nda G\u00fcneysu&#8217;da kayak ekibimizi kurduk. Bu y\u0131lki yar\u0131\u015flarda madalya bekliyoruz. \u015eu an toplam 30 atletimiz var. Bu atletlerimizden 10 tanesi yar\u0131\u015flara kat\u0131lacak&#8221; diye konu\u015ftu.<\/p>\n<p> <strong>&#8220;HEDEF\u0130M \u00c2L\u00c2 B\u0130R ATLET OLMAK&#8221;<\/strong><\/p>\n<p> Sportmen Azra G\u00fcnay da , &#8220;D\u00fcnyan\u0131n \u015fiddetli sporlar\u0131ndan biri. Bu sporu yapmaya yaz\u0131n ba\u015flad\u0131m. \u00d6\u011frenmek biraz s\u0131k\u0131nt\u0131 oldu lakin ba\u015fard\u0131m. Ben bu sporu bilmiyordum. Hocalar\u0131m bize anlatt\u0131. Se\u00e7melere kat\u0131ld\u0131m ve kazand\u0131m. Gayem \u00e2l\u00e2 bir sportmen olmak&#8221; s\u00f6zlerini kulland\u0131.<\/p>\n","protected":false},"excerpt":{"rendered":"<p>G\u00fcneysu Spor Kul\u00fcb\u00fc taraf\u0131ndan 6 ay evvel kurulan kayakl\u0131 ko\u015fu grubunun atletleri, 1800 rak\u0131ml\u0131 deniz g\u00f6r\u00fcnt\u00fcl\u00fc Hand\u00fcz\u00fc Yaylas\u0131&#8217;nda yar\u0131\u015flara haz\u0131rlan\u0131yorlar.<\/p>\n","protected":false},"author":1,"featured_media":4334,"comment_status":"open","ping_status":"open","sticky":false,"template":"","format":"standard","meta":{"footnotes":""},"categories":[27],"tags":[80,65],"class_list":["post-4333","post","type-post","status-publish","format-standard","has-post-thumbnail","hentry","category-guncel-haberler","tag-kayak","tag-spor"],"_links":{"self":[{"href":"https:\/\/haberbesiktas.tr\/index.php?rest_route=\/wp\/v2\/posts\/4333","targetHints":{"allow":["GET"]}}],"collection":[{"href":"https:\/\/haberbesiktas.tr\/index.php?rest_route=\/wp\/v2\/posts"}],"about":[{"href":"https:\/\/haberbesiktas.tr\/index.php?rest_route=\/wp\/v2\/types\/post"}],"author":[{"embeddable":true,"href":"https:\/\/haberbesiktas.tr\/index.php?rest_route=\/wp\/v2\/users\/1"}],"replies":[{"embeddable":true,"href":"https:\/\/haberbesiktas.tr\/index.php?rest_route=%2Fwp%2Fv2%2Fcomments&post=4333"}],"version-history":[{"count":1,"href":"https:\/\/haberbesiktas.tr\/index.php?rest_route=\/wp\/v2\/posts\/4333\/revisions"}],"predecessor-version":[{"id":4335,"href":"https:\/\/haberbesiktas.tr\/index.php?rest_route=\/wp\/v2\/posts\/4333\/revisions\/4335"}],"wp:featuredmedia":[{"embeddable":true,"href":"https:\/\/haberbesiktas.tr\/index.php?rest_route=\/wp\/v2\/media\/4334"}],"wp:attachment":[{"href":"https:\/\/haberbesiktas.tr\/index.php?rest_route=%2Fwp%2Fv2%2Fmedia&parent=4333"}],"wp:term":[{"taxonomy":"category","embeddable":true,"href":"https:\/\/haberbesiktas.tr\/index.php?rest_route=%2Fwp%2Fv2%2Fcategories&post=4333"},{"taxonomy":"post_tag","embeddable":true,"href":"https:\/\/haberbesiktas.tr\/index.php?rest_route=%2Fwp%2Fv2%2Ftags&post=4333"}],"curies":[{"name":"wp","href":"https:\/\/api.w.org\/{rel}","templated":true}]}}