{"id":43331,"date":"2025-06-30T08:24:15","date_gmt":"2025-06-30T08:24:15","guid":{"rendered":"https:\/\/haberbesiktas.tr\/?p=43331"},"modified":"2025-06-30T08:24:15","modified_gmt":"2025-06-30T08:24:15","slug":"inter-sampiyonlar-ligi-yari-finaline-yukseldi","status":"publish","type":"post","link":"https:\/\/haberbesiktas.tr\/?p=43331","title":{"rendered":"Inter, \u015eampiyonlar Ligi yar\u0131 finaline y\u00fckseldi!"},"content":{"rendered":"<div>UEFA \u015eampiyonlar Ligi \u00c7eyrek Final r\u00f6van\u015f ma\u00e7\u0131nda Inter ile Bayern M\u00fcnih kar\u015f\u0131 kar\u015f\u0131ya geldi.<\/p>\n<p> Giuseppe Meazza&#8217;da oynanan ma\u00e7ta Inter ile Bayern M\u00fcnih 2-2 berabere kald\u0131.<\/p>\n<p> Birinci yar\u0131s\u0131 gols\u00fcz e\u015fitlikle tamamlanan ma\u00e7ta gol perdesini a\u00e7an isim 52. dakikada Harry Kane oldu.<\/p>\n<p> <strong>HAKAN \u00c7ALHANO\u011eLU AS\u0130ST YAPTI<\/strong><\/p>\n<p> 58. dakikada kar\u015f\u0131l\u0131k veren Lautaro Martinez ile e\u015fitli\u011fi yakalayan Inter, Hakan \u00c7alhano\u011flu&#8217;nun asistini yapt\u0131\u011f\u0131 golde 61. dakikada Benjamin Pavard ile ma\u00e7ta \u00fcst\u00fcnl\u00fc\u011f\u00fc yakalad\u0131.<\/p>\n<p> 76. dakikada yapt\u0131\u011f\u0131 ba\u015f vuru\u015fuyla Eric Dier, ma\u00e7a e\u015fitli\u011fi getirse de \u00e7aban\u0131n kalan k\u0131sm\u0131nda \u00f6b\u00fcr gol olmad\u0131 ve m\u00fcsabaka 2-2&#8217;lik e\u015fitlikle sonu\u00e7land\u0131.<\/p>\n<p> Ulusal futbolcumuz Hakan \u00c7alhano\u011flu, Inter ismine ma\u00e7\u0131n tamam\u0131nda oynad\u0131 ve grubunun ikinci gol\u00fcnde kornerden asisti yapan futbolcu oldu.<\/p>\n<p> <strong>BARCELONA \u0130LE E\u015eLE\u015eT\u0130<\/strong><\/p>\n<p> Bu sonu\u00e7la birlikte birinci ma\u00e7\u0131 deplasmanda 2-1 kazanan Inter, tertipte yar\u0131 finale \u00e7\u0131kt\u0131.<\/p>\n<p> \u0130talyan temsilcisi, yar\u0131 finalde Borussia Dortmund&#8217;u saf d\u0131\u015f\u0131 b\u0131rakan Barcelona ile e\u015fle\u015fti.<\/p>\n<\/div>\n<p><\/p>\n","protected":false},"excerpt":{"rendered":"<p>UEFA \u015eampiyonlar Ligi \u00e7eyrek finalinde 2-1 kazand\u0131\u011f\u0131 ma\u00e7\u0131n r\u00f6van\u015f\u0131nda konutunda Bayern M\u00fcnih ile 2-2 berabere kalan Inter, toplam skorda 4-3 \u00fcst\u00fcnl\u00fck sa\u011flayarak ismini yar\u0131 finale yazd\u0131rd\u0131 ve Barcelona ile e\u015fle\u015fti.<\/p>\n","protected":false},"author":1,"featured_media":43332,"comment_status":"open","ping_status":"open","sticky":false,"template":"","format":"standard","meta":{"footnotes":""},"categories":[25],"tags":[77,622],"class_list":["post-43331","post","type-post","status-publish","format-standard","has-post-thumbnail","hentry","category-futbol","tag-gol","tag-inter"],"_links":{"self":[{"href":"https:\/\/haberbesiktas.tr\/index.php?rest_route=\/wp\/v2\/posts\/43331","targetHints":{"allow":["GET"]}}],"collection":[{"href":"https:\/\/haberbesiktas.tr\/index.php?rest_route=\/wp\/v2\/posts"}],"about":[{"href":"https:\/\/haberbesiktas.tr\/index.php?rest_route=\/wp\/v2\/types\/post"}],"author":[{"embeddable":true,"href":"https:\/\/haberbesiktas.tr\/index.php?rest_route=\/wp\/v2\/users\/1"}],"replies":[{"embeddable":true,"href":"https:\/\/haberbesiktas.tr\/index.php?rest_route=%2Fwp%2Fv2%2Fcomments&post=43331"}],"version-history":[{"count":1,"href":"https:\/\/haberbesiktas.tr\/index.php?rest_route=\/wp\/v2\/posts\/43331\/revisions"}],"predecessor-version":[{"id":43333,"href":"https:\/\/haberbesiktas.tr\/index.php?rest_route=\/wp\/v2\/posts\/43331\/revisions\/43333"}],"wp:featuredmedia":[{"embeddable":true,"href":"https:\/\/haberbesiktas.tr\/index.php?rest_route=\/wp\/v2\/media\/43332"}],"wp:attachment":[{"href":"https:\/\/haberbesiktas.tr\/index.php?rest_route=%2Fwp%2Fv2%2Fmedia&parent=43331"}],"wp:term":[{"taxonomy":"category","embeddable":true,"href":"https:\/\/haberbesiktas.tr\/index.php?rest_route=%2Fwp%2Fv2%2Fcategories&post=43331"},{"taxonomy":"post_tag","embeddable":true,"href":"https:\/\/haberbesiktas.tr\/index.php?rest_route=%2Fwp%2Fv2%2Ftags&post=43331"}],"curies":[{"name":"wp","href":"https:\/\/api.w.org\/{rel}","templated":true}]}}