{"id":43367,"date":"2025-06-30T11:00:15","date_gmt":"2025-06-30T11:00:15","guid":{"rendered":"https:\/\/haberbesiktas.tr\/?p=43367"},"modified":"2025-06-30T11:00:15","modified_gmt":"2025-06-30T11:00:15","slug":"neymar-gozyaslariyla-sahayi-terk-etti","status":"publish","type":"post","link":"https:\/\/haberbesiktas.tr\/?p=43367","title":{"rendered":"Neymar g\u00f6zya\u015flar\u0131yla sahay\u0131 terk etti"},"content":{"rendered":"<div>Brezilya futbolunun y\u0131ld\u0131z ismi Neymar, sakatl\u0131klardan kurtulam\u0131yor. Santos formas\u0131yla birinci 11&#8217;de ba\u015flad\u0131\u011f\u0131 Atletico Mineiro ma\u00e7\u0131n\u0131n 32. dakikas\u0131nda sol uylu\u011funda ya\u015fad\u0131\u011f\u0131 a\u011fr\u0131 nedeniyle sahay\u0131 terk etti. 33 ya\u015f\u0131ndaki oyuncu g\u00f6zya\u015flar\u0131n\u0131 tutamad\u0131.<\/p>\n<p> Bu, Neymar&#8217;\u0131n yakla\u015f\u0131k bir y\u0131l s\u00fcren sakatl\u0131k s\u00fcrecinden sonra forma giydi\u011fi ikinci m\u00fcsabaka ve birinci 11&#8217;deki birinci ba\u015flang\u0131c\u0131yd\u0131. Ekim 2022&#8217;de Uruguay ma\u00e7\u0131nda \u00f6n \u00e7apraz ba\u011flar\u0131n\u0131 ve menisk\u00fcs\u00fcn\u00fc y\u0131rtan Neymar, alanlara d\u00f6nmek i\u00e7in uzun m\u00fchlet \u00e7aba etmi\u015fti.<\/p>\n<p> Ocak ay\u0131nda Al-Hilal ile kontrat\u0131n\u0131 fesheden Neymar, futbola ba\u015flad\u0131\u011f\u0131 kul\u00fcp Santos&#8217;a geri d\u00f6nerek yeni bir ba\u015flang\u0131\u00e7 yapm\u0131\u015ft\u0131. Fakat bu son sakatl\u0131k, y\u0131ld\u0131z ismin mesle\u011findeki zorluklar\u0131 bir defa daha g\u00fcndeme ta\u015f\u0131d\u0131.<\/p>\n<\/div>\n<p><\/p>\n","protected":false},"excerpt":{"rendered":"<p>Sakatl\u0131k kabusu devam eden Neymar, Atletico Mineiro m\u00fcsabakas\u0131n\u0131n 32. dakikas\u0131nda sol uylu\u011fundaki a\u011fr\u0131lar nedeniyle oyundan \u00e7\u0131kmak zorunda kald\u0131.<\/p>\n","protected":false},"author":1,"featured_media":43368,"comment_status":"open","ping_status":"open","sticky":false,"template":"","format":"standard","meta":{"footnotes":""},"categories":[25],"tags":[],"class_list":["post-43367","post","type-post","status-publish","format-standard","has-post-thumbnail","hentry","category-futbol"],"_links":{"self":[{"href":"https:\/\/haberbesiktas.tr\/index.php?rest_route=\/wp\/v2\/posts\/43367","targetHints":{"allow":["GET"]}}],"collection":[{"href":"https:\/\/haberbesiktas.tr\/index.php?rest_route=\/wp\/v2\/posts"}],"about":[{"href":"https:\/\/haberbesiktas.tr\/index.php?rest_route=\/wp\/v2\/types\/post"}],"author":[{"embeddable":true,"href":"https:\/\/haberbesiktas.tr\/index.php?rest_route=\/wp\/v2\/users\/1"}],"replies":[{"embeddable":true,"href":"https:\/\/haberbesiktas.tr\/index.php?rest_route=%2Fwp%2Fv2%2Fcomments&post=43367"}],"version-history":[{"count":1,"href":"https:\/\/haberbesiktas.tr\/index.php?rest_route=\/wp\/v2\/posts\/43367\/revisions"}],"predecessor-version":[{"id":43369,"href":"https:\/\/haberbesiktas.tr\/index.php?rest_route=\/wp\/v2\/posts\/43367\/revisions\/43369"}],"wp:featuredmedia":[{"embeddable":true,"href":"https:\/\/haberbesiktas.tr\/index.php?rest_route=\/wp\/v2\/media\/43368"}],"wp:attachment":[{"href":"https:\/\/haberbesiktas.tr\/index.php?rest_route=%2Fwp%2Fv2%2Fmedia&parent=43367"}],"wp:term":[{"taxonomy":"category","embeddable":true,"href":"https:\/\/haberbesiktas.tr\/index.php?rest_route=%2Fwp%2Fv2%2Fcategories&post=43367"},{"taxonomy":"post_tag","embeddable":true,"href":"https:\/\/haberbesiktas.tr\/index.php?rest_route=%2Fwp%2Fv2%2Ftags&post=43367"}],"curies":[{"name":"wp","href":"https:\/\/api.w.org\/{rel}","templated":true}]}}