{"id":4345,"date":"2025-01-18T03:00:00","date_gmt":"2025-01-18T03:00:00","guid":{"rendered":"https:\/\/haberbesiktas.tr\/?p=4345"},"modified":"2025-01-18T03:00:00","modified_gmt":"2025-01-18T03:00:00","slug":"attila-szalainin-yeni-adresi-belli-oldu","status":"publish","type":"post","link":"https:\/\/haberbesiktas.tr\/?p=4345","title":{"rendered":"Attila Szalai&#8217;nin yeni adresi belli oldu"},"content":{"rendered":"<div>Fenerbah\u00e7e&#8217;nin eski oyuncular\u0131ndan Attila Szalai&#8217;nin yeni kul\u00fcb\u00fc a\u015fik\u00e2r oldu.<\/p>\n<p>Bel\u00e7ika tak\u0131m\u0131 Standard Liege, bonservisi Hoffenheim&#8217;da bulunan Attila Szalai&#8217;yi d\u00f6nem sonuna kadar kiralad\u0131\u011f\u0131n\u0131 a\u00e7\u0131klad\u0131.<\/p>\n<p><span>Yap\u0131lan mutabakata nazaran, Macar savunma oyuncusunun d\u00f6nemin ikinci yar\u0131s\u0131nda kiral\u0131k olarak Standard Liege formas\u0131 giyecek.<\/span><\/p>\n<p><span>Hoffenheim&#8217;da bu d\u00f6nem hi\u00e7 talih bulamayan Attila Szalai&#8217;nin Alman grubu ile kontrat\u0131 2027 y\u0131l\u0131na kadar devam ediyor.<\/span><\/div>\n","protected":false},"excerpt":{"rendered":"<p>Standard Liege, Hoffenheim&#8217;dan Attila Szalai&#8217;yi d\u00f6nem sonuna kadar kiralad\u0131.<\/p>\n","protected":false},"author":1,"featured_media":4346,"comment_status":"open","ping_status":"open","sticky":false,"template":"","format":"standard","meta":{"footnotes":""},"categories":[25],"tags":[],"class_list":["post-4345","post","type-post","status-publish","format-standard","has-post-thumbnail","hentry","category-futbol"],"_links":{"self":[{"href":"https:\/\/haberbesiktas.tr\/index.php?rest_route=\/wp\/v2\/posts\/4345","targetHints":{"allow":["GET"]}}],"collection":[{"href":"https:\/\/haberbesiktas.tr\/index.php?rest_route=\/wp\/v2\/posts"}],"about":[{"href":"https:\/\/haberbesiktas.tr\/index.php?rest_route=\/wp\/v2\/types\/post"}],"author":[{"embeddable":true,"href":"https:\/\/haberbesiktas.tr\/index.php?rest_route=\/wp\/v2\/users\/1"}],"replies":[{"embeddable":true,"href":"https:\/\/haberbesiktas.tr\/index.php?rest_route=%2Fwp%2Fv2%2Fcomments&post=4345"}],"version-history":[{"count":1,"href":"https:\/\/haberbesiktas.tr\/index.php?rest_route=\/wp\/v2\/posts\/4345\/revisions"}],"predecessor-version":[{"id":4347,"href":"https:\/\/haberbesiktas.tr\/index.php?rest_route=\/wp\/v2\/posts\/4345\/revisions\/4347"}],"wp:featuredmedia":[{"embeddable":true,"href":"https:\/\/haberbesiktas.tr\/index.php?rest_route=\/wp\/v2\/media\/4346"}],"wp:attachment":[{"href":"https:\/\/haberbesiktas.tr\/index.php?rest_route=%2Fwp%2Fv2%2Fmedia&parent=4345"}],"wp:term":[{"taxonomy":"category","embeddable":true,"href":"https:\/\/haberbesiktas.tr\/index.php?rest_route=%2Fwp%2Fv2%2Fcategories&post=4345"},{"taxonomy":"post_tag","embeddable":true,"href":"https:\/\/haberbesiktas.tr\/index.php?rest_route=%2Fwp%2Fv2%2Ftags&post=4345"}],"curies":[{"name":"wp","href":"https:\/\/api.w.org\/{rel}","templated":true}]}}