{"id":4348,"date":"2025-01-18T03:11:59","date_gmt":"2025-01-18T03:11:59","guid":{"rendered":"https:\/\/haberbesiktas.tr\/?p=4348"},"modified":"2025-01-18T03:11:59","modified_gmt":"2025-01-18T03:11:59","slug":"fenerbahcede-4-eksik-2-isim-sinirda","status":"publish","type":"post","link":"https:\/\/haberbesiktas.tr\/?p=4348","title":{"rendered":"Fenerbah\u00e7e&#8217;de 4 eksik, 2 isim s\u0131n\u0131rda"},"content":{"rendered":"<div>\n<div> Fenerbah\u00e7e, Trendyol \u00dcst\u00fcn Lig&#8217;in 19. haftas\u0131nda 13 Ocak Pazartesi g\u00fcn\u00fc T\u00dcMOSAN Konyaspor&#8217;la deplasmanda kar\u015f\u0131la\u015facak.<\/p>\n<p> MEDA\u015e Konya B\u00fcy\u00fck\u015fehir Stad\u0131&#8217;nda oynanacak kar\u015f\u0131la\u015fma, saat 20.00&#8217;de ba\u015flayacak.<\/p>\n<p> Diren\u00e7 Tonusluo\u011flu&#8217;nun y\u00f6netece\u011fi u\u011fra\u015fta Bersan Duran ve Canda\u015f Elbil, yard\u0131mc\u0131 hakem olarak g\u00f6rev yapacak.<\/p>\n<p> Ligde oynad\u0131\u011f\u0131 17 m\u00fcsabakada 12 galibiyet, 3 beraberlik ve 2 hezimet ya\u015fayan sar\u0131-lacivertli kadro, 39 puanla 2. s\u0131rada yer al\u0131yor.<\/p>\n<p> Son lig ma\u00e7\u0131nda Ataka\u015f Hatayspor&#8217;u 2-1 ma\u011flup eden Jose Mourinho&#8217;nun \u00f6\u011frencileri, T\u00dcMOSAN Konyaspor kar\u015f\u0131s\u0131nda da kazanarak seri yakalamak istiyor.<\/p>\n<p> <strong>&#8211; Fenerbah\u00e7e&#8217;de 4 eksik<\/strong><\/p>\n<p> Fenerbah\u00e7e&#8217;de bu ma\u00e7 \u00f6ncesinde 4 eksik bulunuyor.<\/p>\n<p> Sakatl\u0131klar\u0131 bulunan Jayden Oosterwolde, Rodrigo Becao ve \u0130smail Y\u00fcksek ile sar\u0131 kart cezal\u0131s\u0131 Sofyan Amrabat, bu ma\u00e7ta forma giyemeyecek. Kaleci Dominik Livakovic&#8217;in durumu ise me\u00e7hul.<\/p>\n<p> Sakatl\u0131\u011f\u0131n\u0131 atlatan O\u011fuz Ayd\u0131n, teknik tak\u0131m\u0131n talih vermesi durumunda ekipteki yerini alabilecek.<\/p>\n<p> <strong>&#8211; Samet ve Szymanski s\u0131n\u0131rda<\/strong><\/p>\n<p> Fenerbah\u00e7e&#8217;de 2 oyuncu, sar\u0131 kart ceza hududunda.<\/p>\n<p> Athletic Bilbao ma\u00e7\u0131nda trib\u00fcnlerin reaksiyon g\u00f6sterdi\u011fi Samet Akaydin&#8217;i korumak i\u00e7in tak\u0131ma dahil etmeyen teknik y\u00f6netici Jose Mourinho, ikas Ey\u00fcpspor m\u00fcsabakas\u0131nda oldu\u011fu \u00fczere bu kar\u015f\u0131la\u015fmada da Samet&#8217;i tak\u0131ma dahil edebilir.<\/p>\n<p> \u00dc\u00e7 sar\u0131 kart\u0131 bulunan Samet Akaydin, T\u00dcMOSAN Konyaspor kar\u015f\u0131s\u0131nda forma giyip kart g\u00f6rmesi durumunda Adana Demirspor deplasman\u0131nda cezal\u0131 duruma d\u00fc\u015fecek.<\/p>\n<p> Sar\u0131-lacivertli grupta kart ceza hududundaki bir \u00f6b\u00fcr isim Sebastian Szymanski.<\/p>\n<p> Ataka\u015f Hatayspor kar\u015f\u0131s\u0131nda g\u00f6rd\u00fc\u011f\u00fc sar\u0131 kartla sona gelen Polonyal\u0131 futbolcu, gayrette kart g\u00f6rmesi halinde Adana Demirspor u\u011fra\u015f\u0131nda ekibini yaln\u0131z b\u0131rakacak.<\/p>\n<div>\u00a0<\/div>\n<\/p><\/div>\n<div>\u00a0<\/div>\n<\/div>\n","protected":false},"excerpt":{"rendered":"<p>Fenerbah\u00e7e, Trendyol \u00dcst\u00fcn Lig&#8217;in 19. haftas\u0131nda 13 Ocak Pazartesi g\u00fcn\u00fc T\u00dcMOSAN Konyaspor&#8217;a konuk olacak.<\/p>\n","protected":false},"author":1,"featured_media":4349,"comment_status":"open","ping_status":"open","sticky":false,"template":"","format":"standard","meta":{"footnotes":""},"categories":[25],"tags":[85,605],"class_list":["post-4348","post","type-post","status-publish","format-standard","has-post-thumbnail","hentry","category-futbol","tag-kart","tag-sari"],"_links":{"self":[{"href":"https:\/\/haberbesiktas.tr\/index.php?rest_route=\/wp\/v2\/posts\/4348","targetHints":{"allow":["GET"]}}],"collection":[{"href":"https:\/\/haberbesiktas.tr\/index.php?rest_route=\/wp\/v2\/posts"}],"about":[{"href":"https:\/\/haberbesiktas.tr\/index.php?rest_route=\/wp\/v2\/types\/post"}],"author":[{"embeddable":true,"href":"https:\/\/haberbesiktas.tr\/index.php?rest_route=\/wp\/v2\/users\/1"}],"replies":[{"embeddable":true,"href":"https:\/\/haberbesiktas.tr\/index.php?rest_route=%2Fwp%2Fv2%2Fcomments&post=4348"}],"version-history":[{"count":1,"href":"https:\/\/haberbesiktas.tr\/index.php?rest_route=\/wp\/v2\/posts\/4348\/revisions"}],"predecessor-version":[{"id":4350,"href":"https:\/\/haberbesiktas.tr\/index.php?rest_route=\/wp\/v2\/posts\/4348\/revisions\/4350"}],"wp:featuredmedia":[{"embeddable":true,"href":"https:\/\/haberbesiktas.tr\/index.php?rest_route=\/wp\/v2\/media\/4349"}],"wp:attachment":[{"href":"https:\/\/haberbesiktas.tr\/index.php?rest_route=%2Fwp%2Fv2%2Fmedia&parent=4348"}],"wp:term":[{"taxonomy":"category","embeddable":true,"href":"https:\/\/haberbesiktas.tr\/index.php?rest_route=%2Fwp%2Fv2%2Fcategories&post=4348"},{"taxonomy":"post_tag","embeddable":true,"href":"https:\/\/haberbesiktas.tr\/index.php?rest_route=%2Fwp%2Fv2%2Ftags&post=4348"}],"curies":[{"name":"wp","href":"https:\/\/api.w.org\/{rel}","templated":true}]}}