{"id":4354,"date":"2025-01-18T03:35:59","date_gmt":"2025-01-18T03:35:59","guid":{"rendered":"https:\/\/haberbesiktas.tr\/?p=4354"},"modified":"2025-01-18T03:35:59","modified_gmt":"2025-01-18T03:35:59","slug":"basketbol-camiasi-ilkan-karaman-icin-adalet-ariyor","status":"publish","type":"post","link":"https:\/\/haberbesiktas.tr\/?p=4354","title":{"rendered":"Basketbol camias\u0131 \u0130lkan Karaman i\u00e7in adalet ar\u0131yor"},"content":{"rendered":"<div>Mu\u011fla&#8217;n\u0131n Dat\u00e7a il\u00e7esinde 8 Eyl\u00fcl 2024 gecesi yolun kar\u015f\u0131s\u0131na ge\u00e7meye \u00e7al\u0131\u015f\u0131rken trafik canavar\u0131na kurban giden eski ulusal basketbolcu \u0130lkan Karaman&#8217;a denetimini kaybetti\u011fi arabas\u0131yla \u00e7arp\u0131p vefat\u0131na neden olan alkoll\u00fc \u015fof\u00f6r Emre Ali Lider i\u00e7in mahkeme, cezaevinde yatt\u0131\u011f\u0131 m\u00fchlet g\u00f6z \u00f6n\u00fcnde bulundurarak yurt d\u0131\u015f\u0131na \u00e7\u0131k\u0131\u015f yasa\u011f\u0131 uygulan\u0131p isimli denetimle tahliyesine karar verirken, basketbol toplulu\u011fu karara reaksiyon g\u00f6sterdi.<\/p>\n<p> Dat\u00e7a Cumhuriyet Ba\u015fsavc\u0131l\u0131\u011f\u0131 da karara itiraz ederken, ba\u015fta basketbolseverler ve basketbol ailesi olmak \u00fczere binlerce ki\u015fi toplumsal medyada, &#8220;\u0130lkan Karaman i\u00e7in adalet&#8221; daveti yapt\u0131.<\/p>\n<p> \u0130zmir&#8217;de ya\u015fayan, Basketbol Muhte\u015fem Ligi&#8217;nde y\u0131llarca bir\u00e7ok grupta forma giyerek t\u0131pk\u0131 vakitte bir devir A Ulusal Grup&#8217;ta da oynayan \u0130lkan Karaman&#8217;a Mu\u011fla&#8217;n\u0131n Dat\u00e7a il\u00e7esine ta\u015f\u0131nd\u0131\u011f\u0131 g\u00fcn 8 Eyl\u00fcl 2024&#8217;te gece saat 02.30 s\u0131ralar\u0131nda yolun kar\u015f\u0131s\u0131na ge\u00e7mek isterken in\u015faat m\u00fchendisi Emre Ali \u00d6nc\u00fc&#8217;n\u00fcn kulland\u0131\u011f\u0131 48 AIJ 713 plakal\u0131 araba \u00e7arpt\u0131.<\/p>\n<p> Kazada yaralanan Karaman, kald\u0131r\u0131ld\u0131\u011f\u0131 Marmaris Devlet Hastanesi&#8217;nde kurtar\u0131lamad\u0131.<\/p>\n<p> Kazan\u0131n akabinde ka\u00e7an Ba\u015fkan, 2 saat sonra Dat\u00e7a Devlet Hastanesi&#8217;nin \u00f6n\u00fcnde yakaland\u0131.<\/p>\n<p> Muayenesinde 1.19 promil alkoll\u00fc oldu\u011fu belirlenip g\u00f6zalt\u0131na al\u0131nan Lider, akabinde tutukland\u0131.<\/p>\n<p> Yaln\u0131z 4 ay tutuklu kalan Ba\u015fkan, ge\u00e7en hafta isimli denetim ko\u015fuluyla h\u00fcr b\u0131rak\u0131ld\u0131.<\/p>\n<p> <strong>BASKED A\u00c7IKLAMA YAPTI<\/strong><\/p>\n<p> Tahliye karar\u0131na toplumsal medyada ba\u015fta \u0130lkan Karaman&#8217;\u0131n basketbolcu arkada\u015flar\u0131 olmak \u00fczere binlerce ki\u015fi reaksiyon g\u00f6sterdi. Karaman&#8217;\u0131n Kar\u015f\u0131yaka&#8217;dan kadro arkada\u015f\u0131 Mert Celep, d\u00fcn T\u00fcrk Telekom ma\u00e7\u0131 sonras\u0131 canl\u0131 yay\u0131nda r\u00f6portaj verirken tahliye karar\u0131na isyan etti.<\/p>\n<p> Profesyonel Basketbolcular Derne\u011fi (BASKED) de, \u015fanss\u0131z atletin vefat\u0131na neden olan alkoll\u00fc \u015fof\u00f6r\u00fcn tutuksuz yarg\u0131lanma karar\u0131 \u00fczerine a\u00e7\u0131klama yapt\u0131. A\u00e7\u0131klamada \u015fu tabirler yer ald\u0131: <\/p>\n<p>&#8220;T\u00fcrk basketbolunun bedelli \u00fcyesi karde\u015fimiz \u0130lkan Karaman&#8217;\u0131n 8 Eyl\u00fcl 2024&#8217;te Dat\u00e7a&#8217;da ge\u00e7irdi\u011fi trafik kazas\u0131n\u0131n akabinde hayat\u0131n\u0131 kaybetti\u011fi sayg\u0131de\u011fer kamuoyunun da malumudur. Bu elim hadisenin isimli s\u00fcrecini Profesyonel Basketbolcular Derne\u011fi olarak yak\u0131ndan takip etmekteyiz.<\/p>\n<p> Resmi kay\u0131tlara nazaran gece 02:30&#8217;da Dat\u00e7a il\u00e7esi Re\u015fadiye Mahallesi&#8217;nde meydana gelen kazada, g\u00fcvenlik kameras\u0131 imgelerinde a\u00e7\u0131k\u00e7a tespit edildi\u011fi \u00fczere, kald\u0131r\u0131mda bulunan \u0130lkan karde\u015fimize denetimsizce \u00e7arpan ara\u00e7 \u015fof\u00f6r\u00fc, kaza sonras\u0131 olay mahallini terk etmi\u015ftir. Hadisenin \u00e7abucak akabinde kolluk kuvvetlerince \u00e7ok k\u0131sa bir vakit zarf\u0131nda (saat 03:45) Dat\u00e7a Devlet Hastanesi&#8217;nde yakalanan san\u0131k \u015fof\u00f6r\u00fcn, yap\u0131lan \u00f6l\u00e7\u00fcmlerinde yasal sonun bir epey \u00fczerinde alkoll\u00fc oldu\u011fu test sonu\u00e7lar\u0131yla tespit edilmi\u015ftir. Ayr\u0131yeten kazaya dair \u00f6teki raporlarda da san\u0131k \u015fof\u00f6r\u00fcn asli kusurlu oldu\u011fu, \u0130lkan karde\u015fimizin ise kusurunun olmad\u0131\u011f\u0131 belirtilmi\u015ftir.<\/p>\n<p> 10 Ocak 2025 tarihinde Dat\u00e7a Asliye Ceza Mahkemesi&#8217;nde g\u00f6r\u00fclen davan\u0131n ikinci duru\u015fmas\u0131nda san\u0131k lehine verilen tahliye karar\u0131 toplum vicdan\u0131n\u0131 derinden yaralam\u0131\u015ft\u0131r. Evrakta mevcut bulunan t\u00fcm resm\u00ee dok\u00fcmanlar, uzman raporlar\u0131, kaza an\u0131n\u0131n ayr\u0131nt\u0131lar\u0131, sonras\u0131nda ya\u015fanan geli\u015fmeler ve kan\u0131tlar ortadayken Lokal Mahkemece daha ikinci celsede san\u0131k lehine TAHL\u0130YE karar\u0131 verilmesi, spor toplulu\u011funda tan\u0131m\u0131 olmayan bir \u015fa\u015fk\u0131nl\u0131k yaratm\u0131\u015ft\u0131r.<\/p>\n<p> Bir gencin hayat\u0131n\u0131n sonlanmas\u0131na sebep olan bu olay, alkoll\u00fc ara\u00e7 kullan\u0131m\u0131n\u0131n toplum vicdan\u0131n\u0131 derinden yaralayan vahim sonu\u00e7lar\u0131n\u0131n, &#8216;kaza&#8217; olarak nitelendirilemeyece\u011fini, bunun \u015fuurlu bir tercih oldu\u011funu bir sefer daha g\u00f6zler \u00f6n\u00fcne sermi\u015ftir. \u0130lkan karde\u015fimizin aile avukatlar\u0131yla birlikte geli\u015fmeleri g\u00f6zlemliyoruz. Dernek olarak ayr\u0131yeten t\u00fczel m\u00fcdahillik m\u00fcracaat\u0131m\u0131z\u0131 yapacak ve s\u00fcrecin sonuna kadar takip\u00e7isi olaca\u011f\u0131z. Bir sonraki duru\u015fma 14 Mart 2025 tarihinde Dat\u00e7a Adliyesi&#8217;nde g\u00f6r\u00fclecektir. T\u00fcm spor toplulu\u011funu ve kamuoyunu bu s\u00fcrece hassas olmaya davet ediyoruz.&#8221;<\/p>\n<p> <strong>NBA&#8217;E DRAFT ED\u0130LM\u0130\u015eT\u0130<\/strong><\/p>\n<p> \u015eimdi 34 ya\u015f\u0131nda trafik canavar\u0131na kurban giden \u0130lkan Karaman, Tofa\u015f altyap\u0131s\u0131nda yeti\u015fip, mesle\u011finde P\u0131nar Kar\u015f\u0131yaka, Fenerbah\u00e7e, Ac\u0131badem \u00dcniversitesi, Be\u015fikta\u015f, \u0130stanbul B\u015eB Spor, B\u00fcy\u00fck\u00e7ekmece, Cholet, Antibes, Petkimspor, Yalovaspor, Manisa B\u015eB Spor ve son olarak \u00c7ay\u0131rova Belediyespor formalar\u0131n\u0131 giymi\u015fti.<\/p>\n<p> 2013 Avrupa Basketbol \u015eampiyonas\u0131 elemelerinde A Ulusal Ekip&#8217;te da oynayan 2.06 uzunlu\u011fundaki \u0130lkan Karaman, 2012 NBA Draft\u0131&#8217;nda Brooklyn Nets taraf\u0131ndan 2&#8217;nci cins 57&#8217;nci s\u0131radan se\u00e7ilmesine kar\u015f\u0131n NBA&#8217;de oynamad\u0131.<\/p>\n<p> \u00dclkemizi Avrupa ve Asya&#8217;da farkl\u0131 kul\u00fcplerde temsil ederken t\u0131pk\u0131 vakitte tabiat sporlar\u0131yla da u\u011fra\u015fan \u0130lkan Karaman&#8217;\u0131n tabiat, kamp, dal\u0131\u015f, z\u0131pk\u0131nla avc\u0131l\u0131k ve idman g\u00f6r\u00fcnt\u00fclerini payla\u015ft\u0131\u011f\u0131 toplumsal medya hesaplar\u0131nda on binlerce takip\u00e7isi vard\u0131.<\/p>\n<\/div>\n","protected":false},"excerpt":{"rendered":"<p>\u0130lkan Karaman&#8217;a denetimini kaybetti\u011fi arabas\u0131yla \u00e7arp\u0131p vefat\u0131na neden olan alkoll\u00fc \u015fof\u00f6r Emre Ali Ba\u015fkan i\u00e7in mahkeme tahliye karar\u0131 verdi.<\/p>\n","protected":false},"author":1,"featured_media":4355,"comment_status":"open","ping_status":"open","sticky":false,"template":"","format":"standard","meta":{"footnotes":""},"categories":[10],"tags":[468,608,606,607,518],"class_list":["post-4354","post","type-post","status-publish","format-standard","has-post-thumbnail","hentry","category-basketbol","tag-basketbol","tag-datca","tag-ilkan","tag-karaman","tag-kaza"],"_links":{"self":[{"href":"https:\/\/haberbesiktas.tr\/index.php?rest_route=\/wp\/v2\/posts\/4354","targetHints":{"allow":["GET"]}}],"collection":[{"href":"https:\/\/haberbesiktas.tr\/index.php?rest_route=\/wp\/v2\/posts"}],"about":[{"href":"https:\/\/haberbesiktas.tr\/index.php?rest_route=\/wp\/v2\/types\/post"}],"author":[{"embeddable":true,"href":"https:\/\/haberbesiktas.tr\/index.php?rest_route=\/wp\/v2\/users\/1"}],"replies":[{"embeddable":true,"href":"https:\/\/haberbesiktas.tr\/index.php?rest_route=%2Fwp%2Fv2%2Fcomments&post=4354"}],"version-history":[{"count":1,"href":"https:\/\/haberbesiktas.tr\/index.php?rest_route=\/wp\/v2\/posts\/4354\/revisions"}],"predecessor-version":[{"id":4356,"href":"https:\/\/haberbesiktas.tr\/index.php?rest_route=\/wp\/v2\/posts\/4354\/revisions\/4356"}],"wp:featuredmedia":[{"embeddable":true,"href":"https:\/\/haberbesiktas.tr\/index.php?rest_route=\/wp\/v2\/media\/4355"}],"wp:attachment":[{"href":"https:\/\/haberbesiktas.tr\/index.php?rest_route=%2Fwp%2Fv2%2Fmedia&parent=4354"}],"wp:term":[{"taxonomy":"category","embeddable":true,"href":"https:\/\/haberbesiktas.tr\/index.php?rest_route=%2Fwp%2Fv2%2Fcategories&post=4354"},{"taxonomy":"post_tag","embeddable":true,"href":"https:\/\/haberbesiktas.tr\/index.php?rest_route=%2Fwp%2Fv2%2Ftags&post=4354"}],"curies":[{"name":"wp","href":"https:\/\/api.w.org\/{rel}","templated":true}]}}