{"id":43562,"date":"2025-06-30T23:48:11","date_gmt":"2025-06-30T23:48:11","guid":{"rendered":"https:\/\/haberbesiktas.tr\/?p=43562"},"modified":"2025-06-30T23:48:11","modified_gmt":"2025-06-30T23:48:11","slug":"tim-jobol-folcarelli-senol-hoca-ile-fatih-hoca-arasinda-cok-fark-var","status":"publish","type":"post","link":"https:\/\/haberbesiktas.tr\/?p=43562","title":{"rendered":"Tim Jobol Folcarelli: &#8220;\u015eenol Hoca ile Fatih Hoca aras\u0131nda \u00e7ok fark var&#8221;"},"content":{"rendered":"<div>Trabzonspor&#8217;a devre ortas\u0131nda kat\u0131lan orta saha oyuncusu Tim Jobol Folcarelli; Trabzonspor&#8217;daki ama\u00e7lar\u0131, ekibe ahengi, transfer s\u00fcreci ve kent hakk\u0131nda konu\u015ftu.<\/p>\n<p>Folcarelli,\u00a0<strong>&#8220;Geldi\u011fim hafta, bir sakatl\u0131k ya\u015famak kolay olmad\u0131. Ancak o s\u00fcreci \u00e2l\u00e2 ge\u00e7irdim zira burada \u00e2l\u00e2 bir s\u0131hhat tak\u0131m\u0131 var. Daha fazla oynamak isterdim fakat maalesef s\u00fcre\u00e7 bu t\u00fcrl\u00fc geli\u015fti. <\/strong><\/p>\n<p><strong>Beni buraya getiren \u015eenol Hoca&#8217;yd\u0131. Kendisi ortam\u0131zdan ayr\u0131ld\u0131 ve Fatih Tekke hocam\u0131zla yola devam ediyoruz. \u0130kisinin oyun anlay\u0131\u015flar\u0131 birbirinden \u00e7ok farkl\u0131. \u00d6\u011frenmeye ve en \u00e2l\u00e2 formda elimizden geleni yapmaya \u00e7al\u0131\u015f\u0131yoruz. Umar\u0131m birlikte b\u00fcy\u00fck muvaffakiyetler kazan\u0131r\u0131z.&#8221;<\/strong> dedi.<\/p>\n<p><strong>&#8220;GE\u00c7EN SENE \u0130RT\u0130BATA GE\u00c7\u0130LD\u0130&#8221;<\/strong><\/p>\n<p>Trabzonspor&#8217;a transfer s\u00fcreci hakk\u0131nda konu\u015fan oyuncu, <strong>&#8220;\u0130lk sefer ge\u00e7en sene benimle irtibata ge\u00e7ildi. Bu transfer devrinde Trabzonspor&#8217;un ilgisinin devam etti\u011fini \u00f6\u011frenince gelmek istedim. Bundan \u00f6t\u00fcr\u00fc da s\u00fcre\u00e7 daha s\u00fcratli formda geli\u015fti ve transfer kolay bir formda ger\u00e7ekle\u015fti.&#8221;<\/strong> s\u00f6zlerini kulland\u0131.<\/p>\n<p><strong>&#8220;BU FORMDA OYNAMAYA ALI\u015eKIN DE\u011e\u0130L\u0130M&#8221;<\/strong><\/p>\n<p>Tak\u0131mdaki misyonlar\u0131 hakk\u0131nda konu\u015fan Frans\u0131z orta saha, <strong>&#8220;Geldi\u011fim andan itibaren, yeni konumlar \u00f6\u011frenmeye \u00e7al\u0131\u015f\u0131yorum. Bu halde oynamaya al\u0131\u015fk\u0131n de\u011fildim. Ekipte hangi durumda vazife al\u0131rsam alay\u0131m, yard\u0131mc\u0131 olmaya \u00e7al\u0131\u015f\u0131yorum. Alana \u00e7\u0131kt\u0131\u011f\u0131mda elimden gelenin en uygununu yapmaya \u00e7al\u0131\u015f\u0131yorum. Hocam\u0131z beni 6 numarada k\u0131ymetlendirmek isterse ben orada da en d\u00fczg\u00fcn formda oynamaya \u00e7al\u0131\u015faca\u011f\u0131m.&#8221;<\/strong> halinde konu\u015ftu.<\/p>\n<p><strong>&#8220;ARKADA\u015eIZ FAKAT ORTAMIZDA REKABET VAR&#8221;<\/strong><\/p>\n<p>Tak\u0131m\u0131n i\u00e7indeki arkada\u015fl\u0131k ba\u011flar\u0131 ile ilgili konu\u015fan Folcarelli, <strong>&#8220;Fransa&#8217;dan geldi\u011fimiz i\u00e7in Batista Mendy ve Mohamed Cham ile alakam\u0131z g\u00fczel d\u00fczeyde. Saha i\u00e7erisinde onlarla d\u00fczg\u00fcn arkada\u015f\u0131z ama ortam\u0131zda bir rekabet var zira emsal durumlarda misyon al\u0131yoruz.&#8221;<\/strong> dedi.<\/p>\n<p><strong>&#8220;S\u00dcPER L\u0130G, OLDUK\u00c7A YO\u011eUN&#8221;<\/strong><\/p>\n<p>S\u00fcper Lig hakk\u0131nda de\u011ferlendirmelerde bulunan oyuncu, <strong>&#8220;\u00c7ok a\u011f\u0131r ve g\u00fc\u00e7l\u00fc bir ligde u\u011fra\u015f ediyoruz. \u015eiddet manas\u0131nda epeyce yo\u011fun bir lig oldu\u011funu fark ettim. Trabzonspor olarak, g\u00fc\u00e7l\u00fc oyunculara sahip bir ligde \u00e7aba ediyoruz.&#8221;<\/strong> kelamlar\u0131n\u0131 s\u00f6yledi.<\/p>\n<p><strong>&#8220;HEDEF\u0130M\u0130Z T\u00dcRK\u0130YE KUPASI&#8221;<\/strong><\/p>\n<p>Son olarak kendi oyununu tan\u0131mlayan Folcarelli, <strong>&#8220;Kendimi \u00e7ok ko\u015fan, teknik olarak y\u00fckse kaliteye sahip ve fizik\u00ee olarak g\u00fczel bir oyuncu olarak g\u00f6r\u00fcyorum. Fransa&#8217;da genelde 8 numara olarak oynad\u0131m. Burada 6 numara konumunda oynuyorum ve buna al\u0131\u015fmak biraz vakit al\u0131yor zira Fransa&#8217;da sadece 3-4 ma\u00e7l\u0131\u011f\u0131na 6 numarada vazife ald\u0131m. <\/strong><\/p>\n<p><strong>Gelecek planlar\u0131m, k\u0131sa vadede oynayabildi\u011fim kadar oynamak ve grupta m\u00fcddet almak. Orta vadede ise bu grupla kupalar kazanmak istiyorum. \u015eu an bizim a\u00e7\u0131m\u0131zdan en k\u0131ymetli maksat T\u00fcrkiye Kupas\u0131 olarak g\u00f6r\u00fcn\u00fcyor. Ben de bunu kazanmak istiyorum.&#8221;<\/strong> kelamlar\u0131n\u0131 sarf etti.<\/div>\n<p><\/p>\n","protected":false},"excerpt":{"rendered":"<p>Trabzonspor&#8217;un futbolcusu Tim Jobol Folcarelli, a\u00e7\u0131klamalarda bulundu.<\/p>\n","protected":false},"author":1,"featured_media":43563,"comment_status":"open","ping_status":"open","sticky":false,"template":"","format":"standard","meta":{"footnotes":""},"categories":[25],"tags":[51,43,677,98],"class_list":["post-43562","post","type-post","status-publish","format-standard","has-post-thumbnail","hentry","category-futbol","tag-lig","tag-oyun","tag-sure","tag-trabzonspor"],"_links":{"self":[{"href":"https:\/\/haberbesiktas.tr\/index.php?rest_route=\/wp\/v2\/posts\/43562","targetHints":{"allow":["GET"]}}],"collection":[{"href":"https:\/\/haberbesiktas.tr\/index.php?rest_route=\/wp\/v2\/posts"}],"about":[{"href":"https:\/\/haberbesiktas.tr\/index.php?rest_route=\/wp\/v2\/types\/post"}],"author":[{"embeddable":true,"href":"https:\/\/haberbesiktas.tr\/index.php?rest_route=\/wp\/v2\/users\/1"}],"replies":[{"embeddable":true,"href":"https:\/\/haberbesiktas.tr\/index.php?rest_route=%2Fwp%2Fv2%2Fcomments&post=43562"}],"version-history":[{"count":1,"href":"https:\/\/haberbesiktas.tr\/index.php?rest_route=\/wp\/v2\/posts\/43562\/revisions"}],"predecessor-version":[{"id":43564,"href":"https:\/\/haberbesiktas.tr\/index.php?rest_route=\/wp\/v2\/posts\/43562\/revisions\/43564"}],"wp:featuredmedia":[{"embeddable":true,"href":"https:\/\/haberbesiktas.tr\/index.php?rest_route=\/wp\/v2\/media\/43563"}],"wp:attachment":[{"href":"https:\/\/haberbesiktas.tr\/index.php?rest_route=%2Fwp%2Fv2%2Fmedia&parent=43562"}],"wp:term":[{"taxonomy":"category","embeddable":true,"href":"https:\/\/haberbesiktas.tr\/index.php?rest_route=%2Fwp%2Fv2%2Fcategories&post=43562"},{"taxonomy":"post_tag","embeddable":true,"href":"https:\/\/haberbesiktas.tr\/index.php?rest_route=%2Fwp%2Fv2%2Ftags&post=43562"}],"curies":[{"name":"wp","href":"https:\/\/api.w.org\/{rel}","templated":true}]}}