{"id":43565,"date":"2025-07-01T00:00:09","date_gmt":"2025-07-01T00:00:09","guid":{"rendered":"https:\/\/haberbesiktas.tr\/?p=43565"},"modified":"2025-07-01T00:00:09","modified_gmt":"2025-07-01T00:00:09","slug":"boateng-basaksehirden-puan-almak-istiyoruz","status":"publish","type":"post","link":"https:\/\/haberbesiktas.tr\/?p=43565","title":{"rendered":"Boateng: &#8220;Ba\u015fak\u015fehir&#8217;den puan almak istiyoruz&#8221;"},"content":{"rendered":"<div>\n<p>S\u00fcper Lig tak\u0131mlar\u0131ndan Gaziantep FK&#8217;n\u0131n forvet oyuncusu Emmanuel Boateng, &#8221;Bizim i\u00e7in her ma\u00e7 k\u0131ymetli. Bir oyuncu i\u00e7in her ma\u00e7 de\u011ferlidir. Ba\u015fak\u015fehir d\u00fczg\u00fcn bir ekip lakin biz de \u00e7ok yeterli bir grubuz. \u00c2l\u00e2 bir halde odaklan\u0131p ma\u00e7\u0131 da kazanmak istiyoruz&#8221; dedi.\u00a0<\/p>\n<p> \u00dcst\u00fcn Lig&#8217;in 32&#8217;nci haftas\u0131nda alan\u0131nda deplasmanda Ba\u015fak\u015fehir ile kar\u015f\u0131la\u015facak olan Gaziantep FK ma\u00e7\u0131n haz\u0131rl\u0131klar\u0131n\u0131 s\u00fcrd\u00fcrd\u00fc. Teknik y\u00f6netici Sel\u00e7uk \u0130nan idaresinde ger\u00e7ekle\u015ftirilen idman, yakla\u015f\u0131k 1 saat 30 dakika s\u00fcrd\u00fc. Is\u0131nma ve uyum \u00e7al\u0131\u015fmalar\u0131yla ba\u015flayan idman, taktik \u00e7al\u0131\u015fmayla devam etti. \u0130dman \u00f6ncesinde, Gaziantep FK&#8217;n\u0131n son haftalarda att\u0131\u011f\u0131 gollerle ekibe de\u011ferli katk\u0131lar sa\u011flayan forvet oyuncusu Emmanuel Boateng, bas\u0131n mensuplar\u0131na a\u00e7\u0131klamalarda bulundu.<\/p>\n<p> <strong>&#8216;KAZANMAK \u0130ST\u0130YORUZ&#8217;<\/strong><\/p>\n<p> Boateng, son haftalardaki performans\u0131ndan mutlu oldu\u011funu ve g\u00fczel bir gruba sahip olduklar\u0131n\u0131 tabir ederek, d\u00f6nem sonuna kadar bu halde devam etmek istediklerini belirtti.<\/p>\n<p> Ba\u015fak\u015fehir&#8217;in d\u00fczg\u00fcn bir kadro oldu\u011funu belirten Boateng, kazanmak istediklerini ve ellerinden geleni yapacaklar\u0131n\u0131 s\u00f6yleyerek, &#8216;<strong>&#8216;Burada oldu\u011fum i\u00e7in nitekim \u00e7ok memnunum. Uygun bir tak\u0131ma sahibiz, uygun bir kadroya sahibiz. \u00c7ok \u00e2l\u00e2 puanlar toplad\u0131\u011f\u0131m\u0131z\u0131 d\u00fc\u015f\u00fcn\u00fcyorum son vakitlerde. D\u00fczg\u00fcn i\u015fler de \u00e7\u0131kart\u0131yoruz. Bu performansla devam edip d\u00f6nemi bitiririz diye d\u00fc\u015f\u00fcn\u00fcyorum. Bizim i\u00e7in her ma\u00e7 de\u011ferli. Bir oyuncu i\u00e7in her ma\u00e7 de\u011ferlidir. Ba\u015fak\u015fehir g\u00fczel bir kadro uygun oyunculara sahip lakin biz de \u00e7ok g\u00fczel bir kadroyuz. Uygun bir bi\u00e7imde odaklan\u0131p ma\u00e7\u0131 da kazanmak istiyoruz. Ben bir oyuncuyum, sporcuyum. Tabi ki de durumum gere\u011fi gol atmak isterim. Lakin bu tek ba\u015f\u0131na olan bir \u015fey de\u011fil. Ben kadroma yard\u0131m ediyorum onlar bana yard\u0131m ediyor gol at\u0131yorum. Ba\u015fak\u015fehir ma\u00e7\u0131nda da nasip olursa tekrar gol atmak isterim&#8221;<\/strong> diye konu\u015ftu.<\/p>\n<\/div>\n<p><\/p>\n","protected":false},"excerpt":{"rendered":"<p>Gaziantep FK&#8217;nin forveti Emmanuel Boateng, RAMS Ba\u015fak\u015fehir ma\u00e7\u0131 \u00f6ncesinde konu\u015ftu.<\/p>\n","protected":false},"author":1,"featured_media":43566,"comment_status":"open","ping_status":"open","sticky":false,"template":"","format":"standard","meta":{"footnotes":""},"categories":[25],"tags":[301,50,853,49],"class_list":["post-43565","post","type-post","status-publish","format-standard","has-post-thumbnail","hentry","category-futbol","tag-basaksehir","tag-mac","tag-onemli","tag-oyuncu"],"_links":{"self":[{"href":"https:\/\/haberbesiktas.tr\/index.php?rest_route=\/wp\/v2\/posts\/43565","targetHints":{"allow":["GET"]}}],"collection":[{"href":"https:\/\/haberbesiktas.tr\/index.php?rest_route=\/wp\/v2\/posts"}],"about":[{"href":"https:\/\/haberbesiktas.tr\/index.php?rest_route=\/wp\/v2\/types\/post"}],"author":[{"embeddable":true,"href":"https:\/\/haberbesiktas.tr\/index.php?rest_route=\/wp\/v2\/users\/1"}],"replies":[{"embeddable":true,"href":"https:\/\/haberbesiktas.tr\/index.php?rest_route=%2Fwp%2Fv2%2Fcomments&post=43565"}],"version-history":[{"count":1,"href":"https:\/\/haberbesiktas.tr\/index.php?rest_route=\/wp\/v2\/posts\/43565\/revisions"}],"predecessor-version":[{"id":43567,"href":"https:\/\/haberbesiktas.tr\/index.php?rest_route=\/wp\/v2\/posts\/43565\/revisions\/43567"}],"wp:featuredmedia":[{"embeddable":true,"href":"https:\/\/haberbesiktas.tr\/index.php?rest_route=\/wp\/v2\/media\/43566"}],"wp:attachment":[{"href":"https:\/\/haberbesiktas.tr\/index.php?rest_route=%2Fwp%2Fv2%2Fmedia&parent=43565"}],"wp:term":[{"taxonomy":"category","embeddable":true,"href":"https:\/\/haberbesiktas.tr\/index.php?rest_route=%2Fwp%2Fv2%2Fcategories&post=43565"},{"taxonomy":"post_tag","embeddable":true,"href":"https:\/\/haberbesiktas.tr\/index.php?rest_route=%2Fwp%2Fv2%2Ftags&post=43565"}],"curies":[{"name":"wp","href":"https:\/\/api.w.org\/{rel}","templated":true}]}}