{"id":43568,"date":"2025-07-01T00:12:09","date_gmt":"2025-07-01T00:12:09","guid":{"rendered":"https:\/\/haberbesiktas.tr\/?p=43568"},"modified":"2025-07-01T00:12:09","modified_gmt":"2025-07-01T00:12:09","slug":"samsunspor-bizimle-mi-oturup-kalkiyorsunuz","status":"publish","type":"post","link":"https:\/\/haberbesiktas.tr\/?p=43568","title":{"rendered":"Samsunspor: &#8220;Bizimle mi oturup kalk\u0131yorsunuz?&#8221;"},"content":{"rendered":"<div>Samsunspor Lider Vekili Veysel Bilen, Nuri Asan Tesisleri&#8217;nde bas\u0131na a\u00e7\u0131klamalarda bulundu. <\/p>\n<p>S\u00fcper Lig&#8217;in 31&#8217;nci haftas\u0131nda meskenlerinde oynad\u0131klar\u0131 Galatasaray m\u00fcsabakas\u0131 hakk\u0131nda konu\u015fan Veysel Bilen, <strong>&#8220;Evimizde Galatasaray&#8217;la oynad\u0131\u011f\u0131m\u0131z ma\u00e7\u0131 ne yaz\u0131k ki kaybettik. <\/strong><\/p>\n<p><strong>Hafta boyunca kadromuz uygun \u00e7al\u0131\u015ft\u0131 fakat uzun m\u00fcddettir bizimle birlikte olan ve kadronun lokomotif oyuncular\u0131 ortas\u0131nda yer alan \u00fc\u00e7 futbolcumuzun sakatl\u0131\u011f\u0131, transfer yasa\u011f\u0131 nedeniyle dar bir tak\u0131mla \u00e7aba etmemiz, oyun sistemimizi etkiledi. <\/strong><\/p>\n<p><strong>Ancak \u015funu da a\u00e7\u0131k y\u00fcreklilikle s\u00f6ylemeliyim ki, kar\u015f\u0131m\u0131zda S\u00fcper Lig&#8217;in lideri ve bu sezon sadece bir ma\u00e7 kaybetmi\u015f, \u015fampiyonlu\u011fun g\u00fc\u00e7l\u00fc adaylar\u0131ndan biri vard\u0131. Bu nedenle moral bozmaya gerek yok. \u00d6n\u00fcm\u00fcze bakaca\u011f\u0131z&#8221;<\/strong> diye konu\u015ftu.<\/p>\n<p> <strong>&#8221;BU ALGIYA ASLA KATILMIYORUZ&#8217;<\/strong><\/p>\n<p> Samsunspor&#8217;da olu\u015fan puan kay\u0131plar\u0131 ve Galatasaray ma\u00e7\u0131nda ya\u015fanan hakem olaylar\u0131 hakk\u0131nda konu\u015fan Lider Vekili Bilen, <strong>&#8220;Son haftalarda al\u0131namayan puanlar ve ya\u015fanan yenilgiler nedeniyle &#8216;Samsunspor maksattan uzakla\u015ft\u0131&#8217; \u00fczere bir alg\u0131 olu\u015fmu\u015f olabilir. Buna kat\u0131lm\u0131yoruz. Evet, oyun tempomuzda bir d\u00fc\u015f\u00fc\u015f var fakat bu s\u00fcreksiz bir durum. <\/strong><\/p>\n<p><strong>Avrupa amac\u0131m\u0131z ve hayalimiz hala canl\u0131. \u00dc\u00e7\u00fcnc\u00fcl\u00fck ve d\u00f6rd\u00fcnc\u00fcl\u00fck yar\u0131\u015f\u0131m\u0131z s\u00fcr\u00fcyor. D\u00f6nem sonunda Avrupa kupalar\u0131na kat\u0131lma amac\u0131m\u0131z\u0131 ger\u00e7ekle\u015ftirmek istiyoruz. Bu do\u011frultuda, birinci olarak Alanyaspor ma\u00e7\u0131yla makus gidi\u015fata son vermeyi planl\u0131yoruz. <\/strong><\/p>\n<p><strong>Sakat oyuncular\u0131m\u0131zla ilgili ald\u0131\u011f\u0131m\u0131z son bilgilere nazaran, \u00fc\u00e7 isimden en az ikisinin Alanya deplasman\u0131nda bizimle olaca\u011f\u0131n\u0131 umut ediyoruz. Galatasaray ma\u00e7\u0131nda hafta ba\u015f\u0131nda bu ma\u00e7\u0131n y\u00fck\u00fcn\u00fc kald\u0131rabilecek bir hakemin atanmas\u0131n\u0131 istemi\u015ftik. Lakin mana veremedi\u011fimiz halde farkl\u0131 bir atama yap\u0131ld\u0131. <\/strong><\/p>\n<p><strong>Holse&#8217;nin att\u0131\u011f\u0131 ve ofsayt gerek\u00e7esiyle iptal edilen gol\u00fcm\u00fcz, kamuoyunda da tart\u0131\u015fma konusu oldu. \u00c7ok ince bir &#8216;dirsek ofsayt\u0131&#8217; teziyle iptal edilen gol\u00fcm\u00fcz\u00fcn bu kadar s\u00fcratli bir bi\u00e7imde k\u0131ymetlendirilmesi, ba\u015f\u0131m\u0131zda soru i\u015faretleri yaratt\u0131&#8221;<\/strong> tabirlerini kulland\u0131.<\/p>\n<p> <strong>&#8216;B\u0130Z\u0130MLE M\u0130 OTURUP KALKIYORSUNUZ?&#8217;<\/strong><\/p>\n<p> Transfer \u00e7al\u0131\u015fmalar\u0131 ve Marc Bola hakk\u0131ndaki s\u00f6ylentileri cevaplayan Bilen, <strong>&#8220;Transfer devri yakla\u015f\u0131rken, komitemiz \u00e7al\u0131\u015fmalar\u0131na s\u00fcrat verdi. Gruba kat\u0131lacak oyuncular olacak. Elbette bizim oyuncular\u0131m\u0131za da teklifler gelebilir. Lakin birtak\u0131m bas\u0131n organlar\u0131nda yer alan &#8216;kap\u0131ya geldi, al\u0131r\u0131m-satar\u0131m&#8217; \u00fczere telaffuzlar ger\u00e7e\u011fi yans\u0131tm\u0131yor. <\/strong><\/p>\n<p><strong>Son olarak, &#8216;Bola oynam\u0131yor zira \u00e7ok para istedi&#8217; \u00fczere yorumlar yap\u0131l\u0131yor. Bu yanl\u0131\u015fs\u0131z de\u011fil. Oyuncumuz iki haftad\u0131r sakat. Bu hafta formas\u0131na kavu\u015fmas\u0131n\u0131 bekliyoruz. Ayr\u0131yeten &#8216;Y\u00f6netimle teknik tak\u0131m ortas\u0131nda \u00e7atlak var&#8217; bi\u00e7iminde temelsiz savlar da ortaya at\u0131l\u0131yor. Bizimle mi oturup kalk\u0131yorsunuz? Bu telaffuzlar\u0131n ard\u0131nda arka niyet oldu\u011funu \u00e7ok net bir bi\u00e7imde d\u00fc\u015f\u00fcn\u00fcyorum&#8221;<\/strong> dedi.<\/p>\n<\/div>\n<p><\/p>\n","protected":false},"excerpt":{"rendered":"<p>Samsunspor Lider Vekili Veysel Bilen bas\u0131na a\u00e7\u0131klamalarda bulundu.<\/p>\n","protected":false},"author":1,"featured_media":43569,"comment_status":"open","ping_status":"open","sticky":false,"template":"","format":"standard","meta":{"footnotes":""},"categories":[25],"tags":[909,43],"class_list":["post-43568","post","type-post","status-publish","format-standard","has-post-thumbnail","hentry","category-futbol","tag-bizim","tag-oyun"],"_links":{"self":[{"href":"https:\/\/haberbesiktas.tr\/index.php?rest_route=\/wp\/v2\/posts\/43568","targetHints":{"allow":["GET"]}}],"collection":[{"href":"https:\/\/haberbesiktas.tr\/index.php?rest_route=\/wp\/v2\/posts"}],"about":[{"href":"https:\/\/haberbesiktas.tr\/index.php?rest_route=\/wp\/v2\/types\/post"}],"author":[{"embeddable":true,"href":"https:\/\/haberbesiktas.tr\/index.php?rest_route=\/wp\/v2\/users\/1"}],"replies":[{"embeddable":true,"href":"https:\/\/haberbesiktas.tr\/index.php?rest_route=%2Fwp%2Fv2%2Fcomments&post=43568"}],"version-history":[{"count":1,"href":"https:\/\/haberbesiktas.tr\/index.php?rest_route=\/wp\/v2\/posts\/43568\/revisions"}],"predecessor-version":[{"id":43570,"href":"https:\/\/haberbesiktas.tr\/index.php?rest_route=\/wp\/v2\/posts\/43568\/revisions\/43570"}],"wp:featuredmedia":[{"embeddable":true,"href":"https:\/\/haberbesiktas.tr\/index.php?rest_route=\/wp\/v2\/media\/43569"}],"wp:attachment":[{"href":"https:\/\/haberbesiktas.tr\/index.php?rest_route=%2Fwp%2Fv2%2Fmedia&parent=43568"}],"wp:term":[{"taxonomy":"category","embeddable":true,"href":"https:\/\/haberbesiktas.tr\/index.php?rest_route=%2Fwp%2Fv2%2Fcategories&post=43568"},{"taxonomy":"post_tag","embeddable":true,"href":"https:\/\/haberbesiktas.tr\/index.php?rest_route=%2Fwp%2Fv2%2Ftags&post=43568"}],"curies":[{"name":"wp","href":"https:\/\/api.w.org\/{rel}","templated":true}]}}