{"id":4357,"date":"2025-01-18T03:48:00","date_gmt":"2025-01-18T03:48:00","guid":{"rendered":"https:\/\/haberbesiktas.tr\/?p=4357"},"modified":"2025-01-18T03:48:00","modified_gmt":"2025-01-18T03:48:00","slug":"corum-fk-trendyol-1-ligde-istanbulsporu-konuk-edecek","status":"publish","type":"post","link":"https:\/\/haberbesiktas.tr\/?p=4357","title":{"rendered":"\u00c7orum FK, Trendyol 1. Lig&#8217;de \u0130stanbulspor&#8217;u konuk edecek"},"content":{"rendered":"<div>Ahlatc\u0131 \u00c7orum FK, Trendyol 1. Lig&#8217;in 19. haftas\u0131nda pazartesi g\u00fcn\u00fc alan\u0131nda U\u011fur Okullar\u0131 \u0130stanbulspor ile kar\u015f\u0131 kar\u015f\u0131ya gelecek.\u00a0 \u00c7orum Kent Stad\u0131&#8217;nda oynanacak m\u00fcsabaka, saat 17.00&#8217;de ba\u015flayacak. Kar\u015f\u0131la\u015fmay\u0131 hakem Yasin Kol y\u00f6netecek.<\/p>\n<p> K\u0131rm\u0131z\u0131-siyahl\u0131 tak\u0131mda sakatl\u0131klar\u0131 devam eden Eren Karada\u011f, Suat Kaya ve Avounou ile kart cezal\u0131s\u0131 Burak S\u00fcleyman, \u0130stanbulspor ma\u00e7\u0131nda forma giyemeyecek.<\/p>\n<p> Ligde \u00c7orum FK&#8217;nin 26, U\u011fur Okullar\u0131 \u0130stanbulspor&#8217;un ise 27 puan\u0131 bulunuyor.<\/p>\n<\/div>\n","protected":false},"excerpt":{"rendered":"<p>Ahlatc\u0131 \u00c7orum FK, Trendyol 1. Lig&#8217;in 19. haftas\u0131nda pazartesi g\u00fcn\u00fc alan\u0131nda U\u011fur Okullar\u0131 \u0130stanbulspor ile kar\u015f\u0131la\u015facak.<\/p>\n","protected":false},"author":1,"featured_media":4358,"comment_status":"open","ping_status":"open","sticky":false,"template":"","format":"standard","meta":{"footnotes":""},"categories":[25],"tags":[],"class_list":["post-4357","post","type-post","status-publish","format-standard","has-post-thumbnail","hentry","category-futbol"],"_links":{"self":[{"href":"https:\/\/haberbesiktas.tr\/index.php?rest_route=\/wp\/v2\/posts\/4357","targetHints":{"allow":["GET"]}}],"collection":[{"href":"https:\/\/haberbesiktas.tr\/index.php?rest_route=\/wp\/v2\/posts"}],"about":[{"href":"https:\/\/haberbesiktas.tr\/index.php?rest_route=\/wp\/v2\/types\/post"}],"author":[{"embeddable":true,"href":"https:\/\/haberbesiktas.tr\/index.php?rest_route=\/wp\/v2\/users\/1"}],"replies":[{"embeddable":true,"href":"https:\/\/haberbesiktas.tr\/index.php?rest_route=%2Fwp%2Fv2%2Fcomments&post=4357"}],"version-history":[{"count":1,"href":"https:\/\/haberbesiktas.tr\/index.php?rest_route=\/wp\/v2\/posts\/4357\/revisions"}],"predecessor-version":[{"id":4359,"href":"https:\/\/haberbesiktas.tr\/index.php?rest_route=\/wp\/v2\/posts\/4357\/revisions\/4359"}],"wp:featuredmedia":[{"embeddable":true,"href":"https:\/\/haberbesiktas.tr\/index.php?rest_route=\/wp\/v2\/media\/4358"}],"wp:attachment":[{"href":"https:\/\/haberbesiktas.tr\/index.php?rest_route=%2Fwp%2Fv2%2Fmedia&parent=4357"}],"wp:term":[{"taxonomy":"category","embeddable":true,"href":"https:\/\/haberbesiktas.tr\/index.php?rest_route=%2Fwp%2Fv2%2Fcategories&post=4357"},{"taxonomy":"post_tag","embeddable":true,"href":"https:\/\/haberbesiktas.tr\/index.php?rest_route=%2Fwp%2Fv2%2Ftags&post=4357"}],"curies":[{"name":"wp","href":"https:\/\/api.w.org\/{rel}","templated":true}]}}