{"id":4360,"date":"2025-01-18T04:00:00","date_gmt":"2025-01-18T04:00:00","guid":{"rendered":"https:\/\/haberbesiktas.tr\/?p=4360"},"modified":"2025-01-18T04:00:00","modified_gmt":"2025-01-18T04:00:00","slug":"karsiyaka-yine-karisik","status":"publish","type":"post","link":"https:\/\/haberbesiktas.tr\/?p=4360","title":{"rendered":"Kar\u015f\u0131yaka yine kar\u0131\u015f\u0131k"},"content":{"rendered":"<div>\u0130zmir&#8217;de i\u00e7inde bulundu\u011fu mali olarak tarihinin en d\u00fc\u015f\u00fcnceli devrinde toplulu\u011fuyla ayakta kalmaya \u00e7al\u0131\u015fan Kar\u015f\u0131yaka Spor Kul\u00fcb\u00fc&#8217;nde yeniden hareketli g\u00fcnler ya\u015fan\u0131yor. <\/p>\n<p>Gen\u00e7lik Spor Vilayet M\u00fcd\u00fcrl\u00fc\u011f\u00fc&#8217;ne 24 Aral\u0131k&#8217;taki inan\u0131lmaz kongrenin akabinde \u00fcyelerin isimli sicil kay\u0131tlar\u0131n\u0131 cuma g\u00fcn\u00fc teslim ederek gecikmeli de olsa tescil al\u0131p, yar\u0131n noterden imza yetkisi \u00e7\u0131karmaya \u00e7al\u0131\u015fan idarede istifa etmeyi pahaland\u0131ran Lider \u0130lker Erg\u00fcll\u00fc devam karar\u0131 al\u0131rken, basketbolun akabinde bu kere futbol grubunda sular durulmuyor. TFF 3&#8217;\u00fcnc\u00fc Lig 1&#8217;inci K\u00fcme&#8217;de birinci yar\u0131y\u0131 Play-Off \u00e7izgisinde \u00fc\u00e7\u00fcnc\u00fc s\u0131rada tamamlayarak 19 Ocak&#8217;ta ikinci yar\u0131n\u0131n birinci ma\u00e7\u0131nda K\u0131r\u015fehir FK deplasman\u0131na \u00e7\u0131kacak Kaf-Kaf&#8217;ta Teknik Y\u00f6netici Mustafa Re\u015fit Ak\u00e7ay, memleketi Trabzon&#8217;a gitti.<\/p>\n<p> <strong>AK\u00c7AY TRABZON&#8217;DA, \u0130SMA\u0130L VE SEFA KALDI, G\u00d6KHAN G\u0130TT\u0130<\/strong><\/p>\n<p> Ligde birinci 8 haftay\u0131 nama\u011flup ba\u015fkan ge\u00e7ip ard\u0131ndan Futbol \u015eube Ba\u015fkan\u0131 G\u00f6khan \u015eensan&#8217;\u0131n ani vefat\u0131, idarenin da\u011f\u0131lmas\u0131yla i\u00e7inde bulundu\u011fu krizde d\u00fc\u015f\u00fc\u015f ya\u015fayan ye\u015fil-k\u0131rm\u0131z\u0131l\u0131larda devre ortas\u0131 dahil tesislerden ayr\u0131lmayan Ak\u00e7ay&#8217;\u0131n ya\u015fanan \u0131st\u0131raplar nedeniyle hafta i\u00e7i geri gelip gelmeyece\u011fi belgisiz. Deneyimli teknik adam\u0131n yard\u0131mc\u0131lar\u0131 ise ekibin ba\u015f\u0131nda yer al\u0131yor. Alacaklar\u0131 i\u00e7in Futbol Federasyonu kanal\u0131yla kul\u00fcbe ihtar \u00e7eken isimlerden evvel Cenk Ahmet&#8217;e 1 milyon 250 bin TL \u00f6deyerek grupta tutan Kar\u015f\u0131yaka, \u0130smail ve Sefa&#8217;ya da 1 milyon 400 bin TL yat\u0131rarak \u00f6zg\u00fcr kalmalar\u0131n\u0131n \u00f6n\u00fcne ge\u00e7ti. Kul\u00fcpteki sorunlar y\u00fcz\u00fcnden mutsuz oldu\u011funu, kalmak istemedi\u011fini s\u00f6yleyen sol bek G\u00f6khan Meral ise ayr\u0131ld\u0131. G\u00f6khan ekipten ayr\u0131lan birinci isim oldu. Kar\u015f\u0131yaka, meselelerine kar\u015f\u0131n d\u00fcn son haz\u0131rl\u0131k ma\u00e7\u0131nda Efeler 09 SFK&#8217;y\u0131 Enes (2), \u00c7a\u011fatay ve Ali Sinan&#8217;\u0131n golleriyle 4-0 yendi, lig \u00f6ncesi haz\u0131r bir imaj verdi. K\u0131r\u015fehir deplasman\u0131n\u0131n u\u00e7ak biletleri ve oteli ise \u015fimdi al\u0131namad\u0131.<\/p>\n<p> <strong>B\u00dcY\u00dcKKARCI&#8217;DAN MAV\u0130\u015eEH\u0130R \u00c7IKI\u015eI<\/strong><\/p>\n<p> Kar\u015f\u0131yaka&#8217;da 2018-2023 ortas\u0131nda 5.5 sene kesintisiz ba\u015fkanl\u0131k yapan Turgay B\u00fcy\u00fckkarc\u0131, toplulukta haftalard\u0131r dolanan, Mavi\u015fehir&#8217;de kul\u00fcbe kendi devrinde tahsis edilen 100 d\u00f6n\u00fcml\u00fck altyap\u0131 tesisi topra\u011f\u0131na ticari bina yap\u0131laca\u011f\u0131 savlar\u0131yla ilgili \u00e7\u0131k\u0131\u015f\u0131yla suskunlu\u011funu bozdu. \u015eirketle\u015fmeyi masaya yat\u0131rmak i\u00e7in 22 Ocak&#8217;ta Dan\u0131\u015fma Kurulu Lideri Hasan Denizkurdu \u00f6nc\u00fcl\u00fc\u011f\u00fcnde toplant\u0131 yapacak Kar\u015f\u0131yaka&#8217;da kul\u00fcpten 61 milyon TL icra takipli alaca\u011f\u0131 bulunan Lider \u0130lker Erg\u00fcll\u00fc ve topluluk \u00e7\u0131kacak sonucu bekliyor. B\u00fcy\u00fckkarc\u0131 ise Mavi\u015fehir topra\u011f\u0131yla ilgili \u015fok \u00e7\u0131k\u0131\u015f\u0131yla isim vermeden, &#8220;112 y\u0131ll\u0131k kul\u00fcb\u00fcn gelece\u011fi i\u00e7in 100 d\u00f6n\u00fcm arazi gen\u00e7lerin ve gelece\u011fin emanetidir elinizi emanetten \u00e7ekin&#8221; dedi.<\/p>\n<p> B\u00fcy\u00fckkarc\u0131, &#8220;Kul\u00fcb\u00fcn gen\u00e7lerin spor yapmas\u0131 ve topluma kazand\u0131r\u0131lmas\u0131 hedefiyle devletten uzun m\u00fcddetli\u011fine kiralad\u0131\u011f\u0131 100 d\u00f6n\u00fcml\u00fck arazi bu g\u00fcnlerde birtak\u0131m \u00e7\u0131kar k\u00fcmelerinin gayesi haline geldi. Biz bu sinemas\u0131 daha evvel Yal\u0131 Stad\u0131 topra\u011f\u0131nda de g\u00f6rm\u00fc\u015ft\u00fck. Kar\u015f\u0131yaka Spor Kul\u00fcb\u00fc&#8217;ne tahsis edilen bu geni\u015f arazi g\u00fcnde 3000 gencimize sadece futbol, basketbol, voleybol ve tenis \u00fczere bran\u015flara mesken sahipli\u011fi yapmakla kalmayacak, birebir vakitte kul\u00fcb\u00fcm\u00fcz \u00fclkenin en k\u0131ymetli altyap\u0131lar\u0131ndan birinin sahibi olacak. Lakin bu arazi, s\u0131rf ekonomik pahas\u0131na indirgenerek k\u0131ymetlendirilmek istendi\u011finde tehlike \u00e7anlar\u0131 \u00e7almaya ba\u015flar. Araziyi farkl\u0131 ticari projeler i\u00e7in kullanma dile\u011fi, maalesef gen\u00e7lik ve spor \u00fclk\u00fclerini g\u00f6lgede b\u0131rakabilecek bir tehdittir. Pe\u015fke\u015f \u00e7ekilmesi yahut ranta a\u00e7\u0131lmas\u0131, bu ilkeyi ihlal etmek manas\u0131na gelir&#8221; a\u00e7\u0131klamas\u0131n\u0131 yapt\u0131.<\/p>\n<\/div>\n","protected":false},"excerpt":{"rendered":"<p>Mali olarak tarihinin en problemli periyodunda toplulu\u011fuyla ayakta kalmaya \u00e7al\u0131\u015fan Kar\u015f\u0131yaka Spor Kul\u00fcb\u00fc&#8217;nde tekrar hareketli g\u00fcnler ya\u015fan\u0131yor.<\/p>\n","protected":false},"author":1,"featured_media":4361,"comment_status":"open","ping_status":"open","sticky":false,"template":"","format":"standard","meta":{"footnotes":""},"categories":[25],"tags":[609,190,121,65],"class_list":["post-4360","post","type-post","status-publish","format-standard","has-post-thumbnail","hentry","category-futbol","tag-arazi","tag-baskan","tag-karsiyaka","tag-spor"],"_links":{"self":[{"href":"https:\/\/haberbesiktas.tr\/index.php?rest_route=\/wp\/v2\/posts\/4360","targetHints":{"allow":["GET"]}}],"collection":[{"href":"https:\/\/haberbesiktas.tr\/index.php?rest_route=\/wp\/v2\/posts"}],"about":[{"href":"https:\/\/haberbesiktas.tr\/index.php?rest_route=\/wp\/v2\/types\/post"}],"author":[{"embeddable":true,"href":"https:\/\/haberbesiktas.tr\/index.php?rest_route=\/wp\/v2\/users\/1"}],"replies":[{"embeddable":true,"href":"https:\/\/haberbesiktas.tr\/index.php?rest_route=%2Fwp%2Fv2%2Fcomments&post=4360"}],"version-history":[{"count":1,"href":"https:\/\/haberbesiktas.tr\/index.php?rest_route=\/wp\/v2\/posts\/4360\/revisions"}],"predecessor-version":[{"id":4362,"href":"https:\/\/haberbesiktas.tr\/index.php?rest_route=\/wp\/v2\/posts\/4360\/revisions\/4362"}],"wp:featuredmedia":[{"embeddable":true,"href":"https:\/\/haberbesiktas.tr\/index.php?rest_route=\/wp\/v2\/media\/4361"}],"wp:attachment":[{"href":"https:\/\/haberbesiktas.tr\/index.php?rest_route=%2Fwp%2Fv2%2Fmedia&parent=4360"}],"wp:term":[{"taxonomy":"category","embeddable":true,"href":"https:\/\/haberbesiktas.tr\/index.php?rest_route=%2Fwp%2Fv2%2Fcategories&post=4360"},{"taxonomy":"post_tag","embeddable":true,"href":"https:\/\/haberbesiktas.tr\/index.php?rest_route=%2Fwp%2Fv2%2Ftags&post=4360"}],"curies":[{"name":"wp","href":"https:\/\/api.w.org\/{rel}","templated":true}]}}