{"id":4363,"date":"2025-01-18T04:12:00","date_gmt":"2025-01-18T04:12:00","guid":{"rendered":"https:\/\/haberbesiktas.tr\/?p=4363"},"modified":"2025-01-18T04:12:00","modified_gmt":"2025-01-18T04:12:00","slug":"fenerbahcede-gozler-osayi-samuelde","status":"publish","type":"post","link":"https:\/\/haberbesiktas.tr\/?p=4363","title":{"rendered":"Fenerbah\u00e7e&#8217;de g\u00f6zler Osayi Samuel&#8217;de"},"content":{"rendered":"<div>Fenerbah\u00e7e, mukavelesi bitecek k\u0131ymetli isimlerden biri olan \u0130rfan Can Kahveci&#8217;yi ekipte tuttu.<\/p>\n<p> Sar\u0131-lacivertliler, ulusal futbolcu ile 3 y\u0131ll\u0131k yeni kontrat imzaland\u0131\u011f\u0131n\u0131 duyurdu.<\/p>\n<p><strong>G\u00d6ZLER OSAYI-SAMUEL&#8217;DE<\/strong><\/p>\n<p> Fenerbah\u00e7e&#8217;de \u0130rfan Can Kahveci konusunda ya\u015fanan yeni mukavelenin akabinde g\u00f6zler Bright Osayi-Samuel&#8217;e d\u00f6nd\u00fc.<\/p>\n<p><strong>G\u00d6R\u00dc\u015eMELER DEVAM ED\u0130YOR<\/strong><\/p>\n<p> Sar\u0131-lacivertliler, kontrat\u0131 bitecek \u00f6teki isim olan Nijeryal\u0131 futbolcuyu da ekipte tutmak istiyor.<\/p>\n<p> Fenerbah\u00e7e, 27 ya\u015f\u0131ndaki futbolcu ile yeni mukavele g\u00f6r\u00fc\u015fmelerine devam ediyor.<\/p>\n<p> Fenerbah\u00e7e formas\u0131 alt\u0131nda 159 ma\u00e7ta alana \u00e7\u0131kan Osayi Samuel, 7 gol att\u0131 ve 14 asist yapt\u0131.<\/p>\n<\/div>\n","protected":false},"excerpt":{"rendered":"<p>Fenerbah\u00e7e&#8217;de \u0130rfan Can Kahveci ile yeni mukavele imzalanmas\u0131n\u0131n akabinde g\u00f6zler Bright Osayi-Samuel&#8217;e d\u00f6nd\u00fc.<\/p>\n","protected":false},"author":1,"featured_media":4364,"comment_status":"open","ping_status":"open","sticky":false,"template":"","format":"standard","meta":{"footnotes":""},"categories":[25],"tags":[69],"class_list":["post-4363","post","type-post","status-publish","format-standard","has-post-thumbnail","hentry","category-futbol","tag-sozlesme"],"_links":{"self":[{"href":"https:\/\/haberbesiktas.tr\/index.php?rest_route=\/wp\/v2\/posts\/4363","targetHints":{"allow":["GET"]}}],"collection":[{"href":"https:\/\/haberbesiktas.tr\/index.php?rest_route=\/wp\/v2\/posts"}],"about":[{"href":"https:\/\/haberbesiktas.tr\/index.php?rest_route=\/wp\/v2\/types\/post"}],"author":[{"embeddable":true,"href":"https:\/\/haberbesiktas.tr\/index.php?rest_route=\/wp\/v2\/users\/1"}],"replies":[{"embeddable":true,"href":"https:\/\/haberbesiktas.tr\/index.php?rest_route=%2Fwp%2Fv2%2Fcomments&post=4363"}],"version-history":[{"count":1,"href":"https:\/\/haberbesiktas.tr\/index.php?rest_route=\/wp\/v2\/posts\/4363\/revisions"}],"predecessor-version":[{"id":4365,"href":"https:\/\/haberbesiktas.tr\/index.php?rest_route=\/wp\/v2\/posts\/4363\/revisions\/4365"}],"wp:featuredmedia":[{"embeddable":true,"href":"https:\/\/haberbesiktas.tr\/index.php?rest_route=\/wp\/v2\/media\/4364"}],"wp:attachment":[{"href":"https:\/\/haberbesiktas.tr\/index.php?rest_route=%2Fwp%2Fv2%2Fmedia&parent=4363"}],"wp:term":[{"taxonomy":"category","embeddable":true,"href":"https:\/\/haberbesiktas.tr\/index.php?rest_route=%2Fwp%2Fv2%2Fcategories&post=4363"},{"taxonomy":"post_tag","embeddable":true,"href":"https:\/\/haberbesiktas.tr\/index.php?rest_route=%2Fwp%2Fv2%2Ftags&post=4363"}],"curies":[{"name":"wp","href":"https:\/\/api.w.org\/{rel}","templated":true}]}}