{"id":43631,"date":"2025-07-01T04:24:08","date_gmt":"2025-07-01T04:24:08","guid":{"rendered":"https:\/\/haberbesiktas.tr\/?p=43631"},"modified":"2025-07-01T04:24:08","modified_gmt":"2025-07-01T04:24:08","slug":"real-betis-konferans-liginde-yari-finalde","status":"publish","type":"post","link":"https:\/\/haberbesiktas.tr\/?p=43631","title":{"rendered":"Real Betis, Konferans Ligi&#8217;nde yar\u0131 finalde!"},"content":{"rendered":"<div>Konferans Ligi \u00e7eyrek finalinde Real Betis, 2-0&#8217;\u0131n r\u00f6van\u015f\u0131nda Polonya grubu Jagiellonia&#8217;ya konuk oldu.<\/p>\n<p>Chorten&#8217;de oynanan gayret 1-1&#8217;lik beraberlikle tamamland\u0131.<\/p>\n<p>Kar\u015f\u0131la\u015fmada Real Betis&#8217;in gol\u00fcn\u00fc 78. dakikada Cedric Bakambu kaydetti. Konut sahibi tak\u0131m\u0131n gol\u00fcn\u00fc ise 81. dakikada Darko Churlinov att\u0131.<\/p>\n<p>Bu sonu\u00e7 ile birlikte toplamda 3-1&#8217;lik skorla Real Betis ismini yar\u0131 finale yazd\u0131rd\u0131.<\/p>\n<p>Real Betis Konferans Ligi yar\u0131 finalinde Celje&#8217;yi eleyen Fiorentina ile kar\u015f\u0131la\u015facak.<\/p><\/div>\n<p><\/p>\n","protected":false},"excerpt":{"rendered":"<p>Konferans Ligi \u00e7eyrek finalinde Real Betis, 2-0&#8217;\u0131n r\u00f6van\u015f\u0131nda Polonya tak\u0131m\u0131 Jagiellonia ile deplasmanda 1-1 berabere kalarak ismini yar\u0131 finale yazd\u0131rd\u0131.<\/p>\n","protected":false},"author":1,"featured_media":43632,"comment_status":"open","ping_status":"open","sticky":false,"template":"","format":"standard","meta":{"footnotes":""},"categories":[25],"tags":[],"class_list":["post-43631","post","type-post","status-publish","format-standard","has-post-thumbnail","hentry","category-futbol"],"_links":{"self":[{"href":"https:\/\/haberbesiktas.tr\/index.php?rest_route=\/wp\/v2\/posts\/43631","targetHints":{"allow":["GET"]}}],"collection":[{"href":"https:\/\/haberbesiktas.tr\/index.php?rest_route=\/wp\/v2\/posts"}],"about":[{"href":"https:\/\/haberbesiktas.tr\/index.php?rest_route=\/wp\/v2\/types\/post"}],"author":[{"embeddable":true,"href":"https:\/\/haberbesiktas.tr\/index.php?rest_route=\/wp\/v2\/users\/1"}],"replies":[{"embeddable":true,"href":"https:\/\/haberbesiktas.tr\/index.php?rest_route=%2Fwp%2Fv2%2Fcomments&post=43631"}],"version-history":[{"count":1,"href":"https:\/\/haberbesiktas.tr\/index.php?rest_route=\/wp\/v2\/posts\/43631\/revisions"}],"predecessor-version":[{"id":43633,"href":"https:\/\/haberbesiktas.tr\/index.php?rest_route=\/wp\/v2\/posts\/43631\/revisions\/43633"}],"wp:featuredmedia":[{"embeddable":true,"href":"https:\/\/haberbesiktas.tr\/index.php?rest_route=\/wp\/v2\/media\/43632"}],"wp:attachment":[{"href":"https:\/\/haberbesiktas.tr\/index.php?rest_route=%2Fwp%2Fv2%2Fmedia&parent=43631"}],"wp:term":[{"taxonomy":"category","embeddable":true,"href":"https:\/\/haberbesiktas.tr\/index.php?rest_route=%2Fwp%2Fv2%2Fcategories&post=43631"},{"taxonomy":"post_tag","embeddable":true,"href":"https:\/\/haberbesiktas.tr\/index.php?rest_route=%2Fwp%2Fv2%2Ftags&post=43631"}],"curies":[{"name":"wp","href":"https:\/\/api.w.org\/{rel}","templated":true}]}}