{"id":43763,"date":"2025-07-01T12:48:12","date_gmt":"2025-07-01T12:48:12","guid":{"rendered":"https:\/\/haberbesiktas.tr\/?p=43763"},"modified":"2025-07-01T12:48:12","modified_gmt":"2025-07-01T12:48:12","slug":"mourinhodan-kayserispor-maci-oncesi-oyuncularina-kritik-uyari","status":"publish","type":"post","link":"https:\/\/haberbesiktas.tr\/?p=43763","title":{"rendered":"Mourinho&#8217;dan Kayserispor ma\u00e7\u0131 \u00f6ncesi oyuncular\u0131na kritik uyar\u0131!"},"content":{"rendered":"<div>\n<p>Fenerbah\u00e7e deplasman\u0131na \u00e7\u0131kacak Kayserispor&#8217;da eksikler can s\u0131karken Sar\u0131-Lacivertli ekibin hocas\u0131 Jose Mourinho&#8217;dan bu ma\u00e7 \u00f6ncesi \u00f6\u011frencilerine ihtar geldi.<\/p>\n<p> Portekizli \u00e7al\u0131\u015ft\u0131r\u0131c\u0131n\u0131n <strong>&#8220;Art\u0131k d\u00f6nemin son b\u00f6l\u00fcm\u00fcndeyiz. Ligde yaln\u0131zca 7 ma\u00e7 kald\u0131. Hepsi bizim i\u00e7in final niteli\u011finde. Kazand\u0131\u011f\u0131m\u0131z ma\u00e7lardaki t\u0131pk\u0131 ciddiyetle Kayserispor&#8217;a kar\u015f\u0131 oynayal\u0131m&#8221;<\/strong> dedi\u011fi \u00f6\u011frenildi.<\/p>\n<p> Kas\u0131mpa\u015fa ma\u00e7\u0131nda 5 futbolcusu kart cezal\u0131s\u0131 durumuna d\u00fc\u015fen Kayserispor&#8217;da 2 isim sakatl\u0131k ya\u015fam\u0131\u015ft\u0131. Majid Hosseini; Mehdi Bourabia, Kartal Kayra Y\u0131lmaz, Miguel Cardoso ve Dimitrios Kolovetsios cezal\u0131 duruma d\u00fc\u015fm\u00fc\u015ft\u00fc. Stephane Bahoken a\u015fil tendonundan Yaw Ackah da hamstringinden sakatlanm\u0131\u015ft\u0131.\u00a0<\/p>\n<\/div>\n<p><\/p>\n","protected":false},"excerpt":{"rendered":"<p>Fenerbah\u00e7e Teknik Y\u00f6neticisi Jose Mourinho, cezal\u0131 ve sakat oyuncular\u0131 olan Kayserispor&#8217;a kar\u015f\u0131 oynayacaklar\u0131 ma\u00e7 \u00f6ncesi ikazda bulundu.<\/p>\n","protected":false},"author":1,"featured_media":43764,"comment_status":"open","ping_status":"open","sticky":false,"template":"","format":"standard","meta":{"footnotes":""},"categories":[25],"tags":[],"class_list":["post-43763","post","type-post","status-publish","format-standard","has-post-thumbnail","hentry","category-futbol"],"_links":{"self":[{"href":"https:\/\/haberbesiktas.tr\/index.php?rest_route=\/wp\/v2\/posts\/43763","targetHints":{"allow":["GET"]}}],"collection":[{"href":"https:\/\/haberbesiktas.tr\/index.php?rest_route=\/wp\/v2\/posts"}],"about":[{"href":"https:\/\/haberbesiktas.tr\/index.php?rest_route=\/wp\/v2\/types\/post"}],"author":[{"embeddable":true,"href":"https:\/\/haberbesiktas.tr\/index.php?rest_route=\/wp\/v2\/users\/1"}],"replies":[{"embeddable":true,"href":"https:\/\/haberbesiktas.tr\/index.php?rest_route=%2Fwp%2Fv2%2Fcomments&post=43763"}],"version-history":[{"count":1,"href":"https:\/\/haberbesiktas.tr\/index.php?rest_route=\/wp\/v2\/posts\/43763\/revisions"}],"predecessor-version":[{"id":43765,"href":"https:\/\/haberbesiktas.tr\/index.php?rest_route=\/wp\/v2\/posts\/43763\/revisions\/43765"}],"wp:featuredmedia":[{"embeddable":true,"href":"https:\/\/haberbesiktas.tr\/index.php?rest_route=\/wp\/v2\/media\/43764"}],"wp:attachment":[{"href":"https:\/\/haberbesiktas.tr\/index.php?rest_route=%2Fwp%2Fv2%2Fmedia&parent=43763"}],"wp:term":[{"taxonomy":"category","embeddable":true,"href":"https:\/\/haberbesiktas.tr\/index.php?rest_route=%2Fwp%2Fv2%2Fcategories&post=43763"},{"taxonomy":"post_tag","embeddable":true,"href":"https:\/\/haberbesiktas.tr\/index.php?rest_route=%2Fwp%2Fv2%2Ftags&post=43763"}],"curies":[{"name":"wp","href":"https:\/\/api.w.org\/{rel}","templated":true}]}}