{"id":43775,"date":"2025-07-01T13:36:08","date_gmt":"2025-07-01T13:36:08","guid":{"rendered":"https:\/\/haberbesiktas.tr\/?p=43775"},"modified":"2025-07-01T13:36:08","modified_gmt":"2025-07-01T13:36:08","slug":"hayes-davisten-ust-uste-ikinci-euroleague-onuru","status":"publish","type":"post","link":"https:\/\/haberbesiktas.tr\/?p=43775","title":{"rendered":"Hayes-Davis&#8217;ten \u00fcst \u00fcste ikinci EuroLeague onuru"},"content":{"rendered":"<div>\n<p>THY EuroLeague&#8217;de 2024\/25 d\u00f6neminin All-EuroLeague Birinci Grubu a\u00e7\u0131kland\u0131.<\/p>\n<p> Fenerbah\u00e7e&#8217;nin deneyimli oyuncusu Nigel Hayes-Davis, bu itibarl\u0131 listede yer alarak \u00fcst \u00fcste ikinci defa bu onuru ya\u015fayan oyuncular ortas\u0131nda yer ald\u0131.<\/p>\n<p> Hayes-Davis&#8217;in yan\u0131 s\u0131ra, Panathinaikos formas\u0131yla dikkat \u00e7eken Kendrick Nunn, Paris Basket&#8217;ten TJ Shorts, Bayern M\u00fcnih&#8217;ten Carsen Edwards ve Olympiakos&#8217;tan Sasha Vezenkov da en d\u00fczg\u00fcn be\u015fe se\u00e7ilen isimler oldu.<\/p>\n<blockquote class=\"twitter-tweet\" data-width=\"500\" data-dnt=\"true\">\n<p lang=\"tr\" dir=\"ltr\">\u2728TJ Shorts, Paris<br \/>\u2728Kendrick Nunn, Panathinaikos<br \/>\u2728Carsen Edwards, Bayern M\u00fcnih<br \/>\u2728Nigel Hayes-Davis, Fenerbah\u00e7e<br \/>\u2728Sasha Vezenkov, Olympiakos<\/p>\n<p>THY EuroLeague&#39;de 2024\/25 All-EuroLeague Birinci Tak\u0131m a\u00e7\u0131kland\u0131. <a href=\"https:\/\/t.co\/aPOKusdawm\" rel=\"nofollow\">pic.twitter.com\/aPOKusdawm<\/a><\/p>\n<p>&mdash; Sporx (@sporx) <a href=\"https:\/\/twitter.com\/sporx\/status\/1913171824562577810?ref_src=twsrc%5Etfw\" rel=\"nofollow noopener\" target=\"_blank\">April 18, 2025<\/a><\/p><\/blockquote>\n<p><script async src=\"https:\/\/platform.twitter.com\/widgets.js\" charset=\"utf-8\"><\/script><\/p>\n<\/p><\/div>\n<p><\/p>\n","protected":false},"excerpt":{"rendered":"<p>Fenerbah\u00e7e&#8217;nin y\u0131ld\u0131z\u0131 Nigel Hayes-Davis, THY EuroLeague&#8217;de \u00fcst \u00fcste ikinci sefer &#8220;All-EuroLeague First Team&#8221;e se\u00e7ildi.<\/p>\n","protected":false},"author":1,"featured_media":43777,"comment_status":"open","ping_status":"open","sticky":false,"template":"","format":"standard","meta":{"footnotes":""},"categories":[10],"tags":[],"class_list":["post-43775","post","type-post","status-publish","format-standard","has-post-thumbnail","hentry","category-basketbol"],"_links":{"self":[{"href":"https:\/\/haberbesiktas.tr\/index.php?rest_route=\/wp\/v2\/posts\/43775","targetHints":{"allow":["GET"]}}],"collection":[{"href":"https:\/\/haberbesiktas.tr\/index.php?rest_route=\/wp\/v2\/posts"}],"about":[{"href":"https:\/\/haberbesiktas.tr\/index.php?rest_route=\/wp\/v2\/types\/post"}],"author":[{"embeddable":true,"href":"https:\/\/haberbesiktas.tr\/index.php?rest_route=\/wp\/v2\/users\/1"}],"replies":[{"embeddable":true,"href":"https:\/\/haberbesiktas.tr\/index.php?rest_route=%2Fwp%2Fv2%2Fcomments&post=43775"}],"version-history":[{"count":1,"href":"https:\/\/haberbesiktas.tr\/index.php?rest_route=\/wp\/v2\/posts\/43775\/revisions"}],"predecessor-version":[{"id":43778,"href":"https:\/\/haberbesiktas.tr\/index.php?rest_route=\/wp\/v2\/posts\/43775\/revisions\/43778"}],"wp:featuredmedia":[{"embeddable":true,"href":"https:\/\/haberbesiktas.tr\/index.php?rest_route=\/wp\/v2\/media\/43777"}],"wp:attachment":[{"href":"https:\/\/haberbesiktas.tr\/index.php?rest_route=%2Fwp%2Fv2%2Fmedia&parent=43775"}],"wp:term":[{"taxonomy":"category","embeddable":true,"href":"https:\/\/haberbesiktas.tr\/index.php?rest_route=%2Fwp%2Fv2%2Fcategories&post=43775"},{"taxonomy":"post_tag","embeddable":true,"href":"https:\/\/haberbesiktas.tr\/index.php?rest_route=%2Fwp%2Fv2%2Ftags&post=43775"}],"curies":[{"name":"wp","href":"https:\/\/api.w.org\/{rel}","templated":true}]}}