{"id":43779,"date":"2025-07-01T13:48:07","date_gmt":"2025-07-01T13:48:07","guid":{"rendered":"https:\/\/haberbesiktas.tr\/?p=43779"},"modified":"2025-07-01T13:48:07","modified_gmt":"2025-07-01T13:48:07","slug":"lillard-kan-pihtisi-tehlikesini-atlatti-temasli-antrenmanlara-donebilecek","status":"publish","type":"post","link":"https:\/\/haberbesiktas.tr\/?p=43779","title":{"rendered":"Lillard kan p\u0131ht\u0131s\u0131 tehlikesini atlatt\u0131, temasl\u0131 antrenmanlara d\u00f6nebilecek"},"content":{"rendered":"<div>Milwaukee Bucks y\u0131ld\u0131z\u0131 Damian Lillard, sa\u011f bald\u0131r\u0131nda tespit edilen derin ven trombozunun (DVT) b\u00fcsb\u00fct\u00fcn ge\u00e7ti\u011fi istikametinde s\u0131hhat onay\u0131 ald\u0131. <\/p>\n<p>ESPN&#8217;den Shams Charania&#8217;n\u0131n haberine nazaran, Lillard art\u0131k kan suland\u0131r\u0131c\u0131 ila\u00e7 kullanm\u0131yor ve temasl\u0131 idmanlara ba\u015flayabilecek durumda.<\/p>\n<p> Fakat 34 ya\u015f\u0131ndaki y\u0131ld\u0131z, Bucks&#8217;\u0131n Indiana Pacers ile oynayaca\u011f\u0131 birinci \u00e7e\u015fit serisinin 1. ma\u00e7\u0131nda forma giyemeyecek. The Athletic&#8217;ten Sam Amick&#8217;in aktard\u0131\u011f\u0131na nazaran, Lillard Per\u015fembe g\u00fcn\u00fc grupla idmana \u00e7\u0131kt\u0131 ve kesin d\u00f6n\u00fc\u015f tarihi, fizik\u00ee adaptasyon s\u00fcrecine ba\u011fl\u0131 olacak.<\/p>\n<p> Milwaukee cephesi, bu hafta ba\u015f\u0131nda yapt\u0131\u011f\u0131 a\u00e7\u0131klamada, Lillard&#8217;\u0131n playoff s\u00fcrecinde alanlara d\u00f6nebilece\u011fi konusunda optimist olduklar\u0131n\u0131 belirtmi\u015fti. Genel menajer Jon Horst, oyuncunun haftal\u0131k denetim taramas\u0131nda \u00f6nemli bir d\u00fczg\u00fcnle\u015fme kaydedildi\u011fini fakat temas m\u00fcsaadesinin \u015fimdi verilmedi\u011fini s\u00f6z etmi\u015fti.<\/p>\n<p> Lillard, bu d\u00f6nem benzeri bir te\u015fhis alan ikinci NBA oyuncusu oldu. Daha evvel San Antonio Spurs&#8217;\u00fcn gen\u00e7 y\u0131ld\u0131z\u0131 Victor Wembanyama da All-Star ortas\u0131n\u0131n \u00e7abucak akabinde sa\u011f omzunda olu\u015fan DVT nedeniyle d\u00f6nemi kapatm\u0131\u015ft\u0131.<\/p>\n<p> Charania&#8217;n\u0131n haberine nazaran, hekimler Bucks yetkililerine, Lillard&#8217;\u0131n s\u0131rf \u00fc\u00e7 haftada bu rahats\u0131zl\u0131ktan b\u00fcsb\u00fct\u00fcn g\u00fczelle\u015fmesinin bug\u00fcne dek g\u00f6r\u00fclmemi\u015f bir durum oldu\u011funu belirtti. Bu s\u00fcratli g\u00fczelle\u015fmede erken te\u015fhis ve m\u00fcdahalenin b\u00fcy\u00fck rol oynad\u0131\u011f\u0131 s\u00f6z edildi.<\/p>\n<p> Lillard, bu d\u00f6nem Milwaukee&#8217;de \u00e7\u0131kt\u0131\u011f\u0131 58 ma\u00e7ta 24.9 say\u0131, 7.1 asist ve 4.7 ribaund ortalamalar\u0131yla oynarken, %44.8 saha i\u00e7i, %37.6 \u00fc\u00e7l\u00fck ve %92.1 \u00f6zg\u00fcr at\u0131\u015f isabeti yakalad\u0131.<\/p>\n<\/div>\n<p><\/p>\n","protected":false},"excerpt":{"rendered":"<p>Milwaukee Bucks y\u0131ld\u0131z\u0131 Damian Lillard, sa\u011f bald\u0131r\u0131nda tespit edilen derin ven trombozunun (DVT) b\u00fcsb\u00fct\u00fcn ge\u00e7ti\u011fi taraf\u0131nda s\u0131hhat onay\u0131 ald\u0131.<\/p>\n","protected":false},"author":1,"featured_media":43780,"comment_status":"open","ping_status":"open","sticky":false,"template":"","format":"standard","meta":{"footnotes":""},"categories":[10],"tags":[2972],"class_list":["post-43779","post","type-post","status-publish","format-standard","has-post-thumbnail","hentry","category-basketbol","tag-lillard"],"_links":{"self":[{"href":"https:\/\/haberbesiktas.tr\/index.php?rest_route=\/wp\/v2\/posts\/43779","targetHints":{"allow":["GET"]}}],"collection":[{"href":"https:\/\/haberbesiktas.tr\/index.php?rest_route=\/wp\/v2\/posts"}],"about":[{"href":"https:\/\/haberbesiktas.tr\/index.php?rest_route=\/wp\/v2\/types\/post"}],"author":[{"embeddable":true,"href":"https:\/\/haberbesiktas.tr\/index.php?rest_route=\/wp\/v2\/users\/1"}],"replies":[{"embeddable":true,"href":"https:\/\/haberbesiktas.tr\/index.php?rest_route=%2Fwp%2Fv2%2Fcomments&post=43779"}],"version-history":[{"count":1,"href":"https:\/\/haberbesiktas.tr\/index.php?rest_route=\/wp\/v2\/posts\/43779\/revisions"}],"predecessor-version":[{"id":43781,"href":"https:\/\/haberbesiktas.tr\/index.php?rest_route=\/wp\/v2\/posts\/43779\/revisions\/43781"}],"wp:featuredmedia":[{"embeddable":true,"href":"https:\/\/haberbesiktas.tr\/index.php?rest_route=\/wp\/v2\/media\/43780"}],"wp:attachment":[{"href":"https:\/\/haberbesiktas.tr\/index.php?rest_route=%2Fwp%2Fv2%2Fmedia&parent=43779"}],"wp:term":[{"taxonomy":"category","embeddable":true,"href":"https:\/\/haberbesiktas.tr\/index.php?rest_route=%2Fwp%2Fv2%2Fcategories&post=43779"},{"taxonomy":"post_tag","embeddable":true,"href":"https:\/\/haberbesiktas.tr\/index.php?rest_route=%2Fwp%2Fv2%2Ftags&post=43779"}],"curies":[{"name":"wp","href":"https:\/\/api.w.org\/{rel}","templated":true}]}}