{"id":43831,"date":"2025-07-01T17:12:11","date_gmt":"2025-07-01T17:12:11","guid":{"rendered":"https:\/\/haberbesiktas.tr\/?p=43831"},"modified":"2025-07-01T17:12:11","modified_gmt":"2025-07-01T17:12:11","slug":"besiktasta-iki-futbolcu-goztepe-maciyla-birlikte-donuyor","status":"publish","type":"post","link":"https:\/\/haberbesiktas.tr\/?p=43831","title":{"rendered":"Be\u015fikta\u015f&#8217;ta iki futbolcu, G\u00f6ztepe ma\u00e7\u0131yla birlikte d\u00f6n\u00fcyor"},"content":{"rendered":"<div>\n<p>Trendyol \u00dcst\u00fcn Lig&#8217;in 32. haftas\u0131nda Be\u015fikta\u015f, 19 Nisan Cumartesi g\u00fcn\u00fc G\u00f6ztepe ile deplasmanda kar\u015f\u0131 kar\u015f\u0131ya gelecek.<\/p>\n<p> G\u00fcrsel Aksel Stad\u0131&#8217;nda saat 19.00&#8217;da ba\u015flayacak m\u00fcsabakay\u0131 hakem Ozan Erg\u00fcn y\u00f6netecek.\u00a0<\/p>\n<p> Son haftalarda \u00fcst \u00fcste puan kay\u0131plar\u0131 ya\u015fayan Be\u015fikta\u015f, Avrupa kupalar\u0131na kat\u0131lmak ve yine bir \u00e7\u0131k\u0131\u015f yapmak i\u00e7in 3 puan\u0131 hedefliyor.<\/p>\n<p> S\u00fcper Lig&#8217;de \u00e7\u0131kt\u0131\u011f\u0131 29 u\u011fra\u015fta 13 galibiyet, 9 beraberlik, 7 yenilgi ya\u015fayan siyah-beyazl\u0131lar, haftaya 48 puanla 5. s\u0131rada girdi.<\/p>\n<p> <span><strong>&#8211; Eksikler<\/strong><\/span><\/p>\n<p> Be\u015fikta\u015f&#8217;ta be\u015f futbolcu, G\u00f6ztepe kar\u015f\u0131la\u015fmas\u0131nda forma giyemeyecek.<\/p>\n<p> Siyah-beyazl\u0131larda sakatl\u0131\u011f\u0131 bulunan Felix Uduokhai, Bakhtiyor Zaynutdinov, Elan Ricardo, Emirhan Top\u00e7u ve Ernest Mu\u00e7i&#8217;nin kar\u015f\u0131la\u015fmada forma giymesi beklenmiyor.<\/p>\n<p> <span><strong>&#8211; Ceza s\u0131n\u0131r\u0131<\/strong><\/span><\/p>\n<p> Siyah-beyazl\u0131 grupta be\u015f futbolcu, G\u00f6ztepe ma\u00e7\u0131 \u00f6ncesinde sar\u0131 kart ceza hududunda bulunuyor.<\/p>\n<p> Be\u015fikta\u015f&#8217;ta Mert G\u00fcnok, Ersin Destano\u011flu, Arthur Masuaku, Semih K\u0131l\u0131\u00e7soy ve Ciro Immobile, kart g\u00f6rmeleri halinde cezal\u0131 duruma d\u00fc\u015fecek.<\/p>\n<p> Kelam konusu be\u015f oyuncu, cezal\u0131 duruma d\u00fc\u015fmeleri durumunda Harika Lig&#8217;in 33. haftas\u0131nda oynanacak Ataka\u015f Hatayspor m\u00fcsabakas\u0131nda forma giyemeyecek.<\/p>\n<p> <span><strong>&#8211; Son 5 ma\u00e7ta tek galibiyet<\/strong><\/span><\/p>\n<p> Be\u015fikta\u015f, S\u00fcper Lig&#8217;de oynad\u0131\u011f\u0131 son 5 m\u00fcsabakada alandan bir galibiyetle ayr\u0131ld\u0131.<\/p>\n<p> Siyah-beyazl\u0131 tak\u0131m, bu s\u00fcre\u00e7te kar\u015f\u0131la\u015ft\u0131\u011f\u0131 T\u00dcMOSAN Konyaspor, Gaziantep FK ve RAMS Ba\u015fak\u015fehir&#8217;e kaybederken, Kas\u0131mpa\u015fa ile de berabere kald\u0131.<\/p>\n<p> Be\u015fikta\u015f, kelam konusu s\u00fcre\u00e7teki tek galibiyetini derbi ma\u00e7ta Galatasaray&#8217;a kar\u015f\u0131 ald\u0131.<\/p>\n<p> <span><strong>&#8211; Tayyip Talha ve Semih d\u00f6n\u00fcyor<\/strong><\/span><\/p>\n<p> Be\u015fikta\u015f&#8217;ta k\u0131rm\u0131z\u0131 kart cezalar\u0131n\u0131 tamamlayan Tayyip Talha Sanu\u00e7 ile Semih K\u0131l\u0131\u00e7soy, vazife verilmesi durumunda G\u00f6ztepe kar\u015f\u0131s\u0131nda forma giyebilecek.<\/p>\n<p> Ligde Kas\u0131mpa\u015fa u\u011fra\u015f\u0131nda k\u0131rm\u0131z\u0131 kartla oyun d\u0131\u015f\u0131nda kalan Tayyip Talha, ge\u00e7en hafta oynanan RAMS Ba\u015fak\u015fehir kar\u015f\u0131la\u015fmas\u0131nda bir ma\u00e7l\u0131k cezas\u0131n\u0131 tamamlad\u0131.<\/p>\n<p> Galatasaray derbisinde k\u0131rm\u0131z\u0131 kart g\u00f6rerek iki ma\u00e7 ceza alan Semih de cezas\u0131n\u0131 Kas\u0131mpa\u015fa ve RAMS Ba\u015fak\u015fehir m\u00fcsabakalar\u0131nda noktalad\u0131.<\/p>\n<p> Her iki oyuncu da G\u00f6ztepe \u00e7abas\u0131nda teknik y\u00f6netici Ole Gunnar Solskjaer&#8217;den forma bekleyecek.<\/p>\n<p> <span><strong>&#8211; Bu d\u00f6nem iki ma\u00e7\u0131 da G\u00f6ztepe kazand\u0131<\/strong><\/span><\/p>\n<p> Be\u015fikta\u015f ile G\u00f6ztepe ortas\u0131nda bu d\u00f6nem oynanan iki \u00e7abay\u0131 de \u0130zmir grubu kazand\u0131.<\/p>\n<p> Ligin birinci yar\u0131s\u0131nda \u0130stanbul&#8217;da oynanan kar\u015f\u0131la\u015fmada 2-0 \u00f6ne ge\u00e7en siyah-beyazl\u0131 ekip, daha sonra kalesinde 4 gol g\u00f6rerek alandan puans\u0131z ayr\u0131lm\u0131\u015ft\u0131.<\/p>\n<p> Ziraat T\u00fcrkiye Kupas\u0131 \u00e7eyrek finalinde de e\u015fle\u015fen iki grubun tekrar \u0130stanbul&#8217;daki m\u00fcsabakas\u0131nda 1-0&#8217;l\u0131k \u00fcst\u00fcnl\u00fc\u011f\u00fc eline alan Be\u015fikta\u015f&#8217;\u0131n 10 ki\u015fi kalmas\u0131n\u0131n akabinde G\u00f6ztepe, kar\u015f\u0131la\u015fmadan 3-1 galip ayr\u0131ld\u0131.<\/p>\n<p> \u0130zmir grubu kupada yoluna devam ederken, siyah-beyazl\u0131lar tertibe veda etti.<\/p>\n<\/div>\n<p><\/p>\n","protected":false},"excerpt":{"rendered":"<p>Be\u015fikta\u015f, S\u00fcper Lig&#8217;de 19 Nisan Cumartesi g\u00fcn\u00fc G\u00f6ztepe&#8217;ye konuk olacak.<\/p>\n","protected":false},"author":1,"featured_media":43832,"comment_status":"open","ping_status":"open","sticky":false,"template":"","format":"standard","meta":{"footnotes":""},"categories":[25],"tags":[505,623,64,50,152],"class_list":["post-43831","post","type-post","status-publish","format-standard","has-post-thumbnail","hentry","category-futbol","tag-ceza","tag-forma","tag-goztepe","tag-mac","tag-siyah-beyazli"],"_links":{"self":[{"href":"https:\/\/haberbesiktas.tr\/index.php?rest_route=\/wp\/v2\/posts\/43831","targetHints":{"allow":["GET"]}}],"collection":[{"href":"https:\/\/haberbesiktas.tr\/index.php?rest_route=\/wp\/v2\/posts"}],"about":[{"href":"https:\/\/haberbesiktas.tr\/index.php?rest_route=\/wp\/v2\/types\/post"}],"author":[{"embeddable":true,"href":"https:\/\/haberbesiktas.tr\/index.php?rest_route=\/wp\/v2\/users\/1"}],"replies":[{"embeddable":true,"href":"https:\/\/haberbesiktas.tr\/index.php?rest_route=%2Fwp%2Fv2%2Fcomments&post=43831"}],"version-history":[{"count":1,"href":"https:\/\/haberbesiktas.tr\/index.php?rest_route=\/wp\/v2\/posts\/43831\/revisions"}],"predecessor-version":[{"id":43833,"href":"https:\/\/haberbesiktas.tr\/index.php?rest_route=\/wp\/v2\/posts\/43831\/revisions\/43833"}],"wp:featuredmedia":[{"embeddable":true,"href":"https:\/\/haberbesiktas.tr\/index.php?rest_route=\/wp\/v2\/media\/43832"}],"wp:attachment":[{"href":"https:\/\/haberbesiktas.tr\/index.php?rest_route=%2Fwp%2Fv2%2Fmedia&parent=43831"}],"wp:term":[{"taxonomy":"category","embeddable":true,"href":"https:\/\/haberbesiktas.tr\/index.php?rest_route=%2Fwp%2Fv2%2Fcategories&post=43831"},{"taxonomy":"post_tag","embeddable":true,"href":"https:\/\/haberbesiktas.tr\/index.php?rest_route=%2Fwp%2Fv2%2Ftags&post=43831"}],"curies":[{"name":"wp","href":"https:\/\/api.w.org\/{rel}","templated":true}]}}