{"id":44129,"date":"2025-07-02T12:24:13","date_gmt":"2025-07-02T12:24:13","guid":{"rendered":"https:\/\/haberbesiktas.tr\/?p=44129"},"modified":"2025-07-02T12:24:13","modified_gmt":"2025-07-02T12:24:13","slug":"fenerbahcede-alti-oyuncu-kart-sinirinda","status":"publish","type":"post","link":"https:\/\/haberbesiktas.tr\/?p=44129","title":{"rendered":"Fenerbah\u00e7e&#8217;de alt\u0131 oyuncu kart s\u0131n\u0131r\u0131nda"},"content":{"rendered":"<div>Fenerbah\u00e7e, Trendyol Harika Lig&#8217;in 32. haftas\u0131nda Bellona Kayserispor ile kar\u015f\u0131 kar\u015f\u0131ya gelecek.<\/p>\n<p> \u00dclker Stad\u0131&#8217;nda oynanacak ve saat 19.00&#8217;da ba\u015flayacak kar\u015f\u0131la\u015fmay\u0131 hakem O\u011fuzhan \u00c7ak\u0131r y\u00f6netecek.<\/p>\n<p> Haftaya ba\u015fkan\u0131n 3 puan gerisinde giren Fenerbah\u00e7e, rakibinin kazand\u0131\u011f\u0131 haftada Kayserispor&#8217;u yenerek tepe yar\u0131\u015f\u0131n\u0131 s\u00fcrd\u00fcrmeyi hedefliyor.<\/p>\n<p> Teknik y\u00f6netici Jose Mourinho idaresindeki sar\u0131-lacivertlilerin geride kalan 29 ma\u00e7ta 71 puan\u0131 bulunuyor.<\/p>\n<p> Fenerbah\u00e7e, d\u00f6nemin birinci k\u0131sm\u0131nda rakibini deplasmanda 6-2 ma\u011flup etmi\u015fti.<\/p>\n<p> <strong>TEK EKS\u0130K MERT HAKAN<\/strong><\/p>\n<p> Fenerbah\u00e7e&#8217;de kuvvetli kar\u015f\u0131la\u015fma \u00f6ncesinde tek eksik bulunuyor.<\/p>\n<p> Sar\u0131-lacivertlilerde hastal\u0131\u011f\u0131 nedeniyle hastaneye kald\u0131r\u0131lan Mert Hakan Yanda\u015f&#8217;\u0131n kar\u015f\u0131la\u015fmada yer almas\u0131 beklenmiyor.<\/p>\n<p> <strong>AMRABAT TEKN\u0130K HEYETE BA\u011eLI<\/strong><\/p>\n<p> Fenerbah\u00e7e&#8217;de sakatl\u0131\u011f\u0131n\u0131 atlatan Sofyan Amrabat, \u00e7al\u0131\u015fmalara ba\u015flad\u0131.<\/p>\n<p> Fasl\u0131 orta sahan\u0131n Kayseri kar\u015f\u0131s\u0131nda oynay\u0131p oynamayaca\u011f\u0131na teknik heyet karar verecek.<\/p>\n<p> <strong>ALTI OYUNCU SARI KART SINIRINDA<\/strong><\/p>\n<p> Fenerbah\u00e7e&#8217;de Kayserispor ma\u00e7\u0131 \u00f6ncesinde 6 isim kart ceza hududunda bulunuyor.<\/p>\n<p> Sar\u0131-lacivertli ekipte Sofyan Amrabat, Filip Kostic, Allan Saint-Maximin, \u00c7a\u011flar S\u00f6y\u00fcnc\u00fc, Mert Hakan Yanda\u015f ve \u0130rfan Can Kahveci, oynanacak kar\u015f\u0131la\u015fmada kart g\u00f6rmeleri halinde Gaziantep deplasman\u0131nda gruplar\u0131n\u0131 yaln\u0131z b\u0131rakacak.<\/p>\n<\/div>\n<p><\/p>\n","protected":false},"excerpt":{"rendered":"<p>Fenerbah\u00e7e&#8217;de alt\u0131 oyuncu Kayserispor ma\u00e7\u0131nda sar\u0131 kart g\u00f6rmeleri durumunda Gaziantep deplasman\u0131nda forma giyemeyecek.<\/p>\n","protected":false},"author":1,"featured_media":44130,"comment_status":"open","ping_status":"open","sticky":false,"template":"","format":"standard","meta":{"footnotes":""},"categories":[25],"tags":[241],"class_list":["post-44129","post","type-post","status-publish","format-standard","has-post-thumbnail","hentry","category-futbol","tag-tek"],"_links":{"self":[{"href":"https:\/\/haberbesiktas.tr\/index.php?rest_route=\/wp\/v2\/posts\/44129","targetHints":{"allow":["GET"]}}],"collection":[{"href":"https:\/\/haberbesiktas.tr\/index.php?rest_route=\/wp\/v2\/posts"}],"about":[{"href":"https:\/\/haberbesiktas.tr\/index.php?rest_route=\/wp\/v2\/types\/post"}],"author":[{"embeddable":true,"href":"https:\/\/haberbesiktas.tr\/index.php?rest_route=\/wp\/v2\/users\/1"}],"replies":[{"embeddable":true,"href":"https:\/\/haberbesiktas.tr\/index.php?rest_route=%2Fwp%2Fv2%2Fcomments&post=44129"}],"version-history":[{"count":1,"href":"https:\/\/haberbesiktas.tr\/index.php?rest_route=\/wp\/v2\/posts\/44129\/revisions"}],"predecessor-version":[{"id":44131,"href":"https:\/\/haberbesiktas.tr\/index.php?rest_route=\/wp\/v2\/posts\/44129\/revisions\/44131"}],"wp:featuredmedia":[{"embeddable":true,"href":"https:\/\/haberbesiktas.tr\/index.php?rest_route=\/wp\/v2\/media\/44130"}],"wp:attachment":[{"href":"https:\/\/haberbesiktas.tr\/index.php?rest_route=%2Fwp%2Fv2%2Fmedia&parent=44129"}],"wp:term":[{"taxonomy":"category","embeddable":true,"href":"https:\/\/haberbesiktas.tr\/index.php?rest_route=%2Fwp%2Fv2%2Fcategories&post=44129"},{"taxonomy":"post_tag","embeddable":true,"href":"https:\/\/haberbesiktas.tr\/index.php?rest_route=%2Fwp%2Fv2%2Ftags&post=44129"}],"curies":[{"name":"wp","href":"https:\/\/api.w.org\/{rel}","templated":true}]}}