{"id":44202,"date":"2025-07-02T17:12:11","date_gmt":"2025-07-02T17:12:11","guid":{"rendered":"https:\/\/haberbesiktas.tr\/?p=44202"},"modified":"2025-07-02T17:12:11","modified_gmt":"2025-07-02T17:12:11","slug":"thomas-reis-hedefimiz-ligde-yerimizi-korumak","status":"publish","type":"post","link":"https:\/\/haberbesiktas.tr\/?p=44202","title":{"rendered":"Thomas Reis: &#8220;Hedefimiz ligde yerimizi korumak&#8221;"},"content":{"rendered":"<div>\n<p>Reeder Samsunspor Teknik Y\u00f6neticisi Thomas Reis, ekip olarak hedeflerinin ligde \u00fc\u00e7\u00fcnc\u00fc s\u0131radaki yerlerini korumak oldu\u011funu s\u00f6yledi.<\/p>\n<p> Reis, Nuri Asan Tesisleri&#8217;nde d\u00fczenlenen haftal\u0131k ola\u011fan bas\u0131n toplant\u0131nda, Trendyol Harika Lig&#8217;in 32. haftas\u0131nda 21 Nisan Pazartesi g\u00fcn\u00fc deplasmanda oynayacaklar\u0131 Corendon Alanyaspor ma\u00e7\u0131n\u0131 k\u0131ymetlendirdi.\u00a0<\/p>\n<p> Ekibin g\u00fc\u00e7l\u00fc yanlar\u0131n\u0131 geli\u015ftirmeye \u00e7al\u0131\u015ft\u0131klar\u0131n\u0131 anlatan Reis, <strong>&#8220;Eksiklerimizi de gidermeye \u00e7al\u0131\u015f\u0131yoruz. Son haftalarda istemedi\u011fimiz makus sonu\u00e7lar ald\u0131k. Lakin gayemiz bu saatten sonra ligin son alt\u0131 ma\u00e7\u0131 i\u00e7in mutlaka i\u015fleri yoluna koymak. O evvelce g\u00f6stermi\u015f oldu\u011fumuz performans\u0131 tekrardan bu alt\u0131 ma\u00e7ta g\u00f6stermek. 4-5 ekiple bir yar\u0131\u015f i\u00e7erisindeyiz. Elimizden gelenin en uygununu yapmaya \u00e7al\u0131\u015faca\u011f\u0131z ve en uygun sonu\u00e7lar\u0131 almaya \u00e7al\u0131\u015faca\u011f\u0131z. Alanyaspor ve Bodrum FK ma\u00e7lar\u0131 katiyetle s\u0131k\u0131nt\u0131 olacakt\u0131r. Zira bu kadrolar k\u00fcme d\u00fc\u015fme s\u0131n\u0131r\u0131na yak\u0131n olmalar\u0131 nedeniyle o m\u00fcsabakalar da katiyen s\u0131k\u0131nt\u0131 ge\u00e7ecektir. Bizim bu ma\u00e7larda \u00e7ok uygun bir gayret vermemiz gerekiyor. Grup olarak muhakkak amac\u0131m\u0131z bulunmu\u015f oldu\u011fumuz \u00fc\u00e7\u00fcnc\u00fc s\u0131radaki yerimizi korumak.&#8221;<\/strong> dedi.\u00a0<\/p>\n<p> Reis, kontrat\u0131n\u0131n 1 y\u0131l daha devam etti\u011fini belirterek, &#8220;<strong>Burada oldu\u011fum i\u00e7in \u00f6ncelikle \u00e7ok keyifli oldu\u011fumu belirtmem gerekiyor. \u00d6nemli olan ligi sonland\u0131rd\u0131\u011f\u0131m\u0131zda yeterli bir yerde bitirmek. Al\u0131\u015f\u0131lm\u0131\u015f d\u00f6nem ba\u015f\u0131nda beklentiler farkl\u0131yd\u0131. Art\u0131k ise beklentiler \u00e7ok daha y\u00fcksek ve bizim de amac\u0131m\u0131z mutlaka \u00e7ok yakla\u015fm\u0131\u015fken bu hayalleri ger\u00e7ekle\u015ftirmek. M\u00fcmk\u00fcnse ligi \u00fc\u00e7\u00fcnc\u00fc s\u0131rada bitirmek istiyoruz. Lig bittikten sonra al\u0131\u015f\u0131lm\u0131\u015f gelecek y\u0131lla alakal\u0131 konu\u015fabiliriz. Son oynamam\u0131z gereken alt\u0131 m\u00fcsabaka var ve almam\u0131z gereken puanlar var. Do\u011fal alaca\u011f\u0131m\u0131z puanlarla da umar\u0131m son oynam\u0131\u015f oldu\u011fumuz \u00fc\u00e7 m\u00fcsabakada alm\u0131\u015f oldu\u011fumuz yenilgileri unutabiliriz diye \u00fcmit ediyorum. Samsunspor&#8217;la devam edip etmemek benim karar\u0131m olmayacak. Kul\u00fcb\u00fcm\u00fcz benimle devam etmek istiyor mu, istemiyor mu, bu da \u00e7ok \u00e7ok de\u011ferli.&#8221;<\/strong> tabirlerini kulland\u0131.<\/p>\n<p> Sakatl\u0131\u011f\u0131 bulunan oyunculardan Marc Bola&#8217;n\u0131n kadroyla \u00e7al\u0131\u015fmalara ba\u015flamas\u0131n\u0131n sevindirici oldu\u011funa dikkati \u00e7eken Reis, Benasser ve Celil Y\u00fcksel&#8217;in durumunun ise daha netlik kazanmad\u0131\u011f\u0131n\u0131 kaydetti.<\/p>\n<p> Corendon Alanyaspor kar\u015f\u0131s\u0131nda kendi oyunlar\u0131n\u0131 oynayacaklar\u0131n\u0131 aktaran Reis, \u015funlar\u0131 kaydetti:<\/p>\n<p> <strong>&#8220;Bu m\u00fcsabakadan da katiyen daha d\u00fczg\u00fcn bir sonu\u00e7la ayr\u0131lmak i\u00e7in oynayaca\u011f\u0131z. Katiyetle \u00e7ok sava\u015fmam\u0131z gereken bir m\u00fcsabaka olacak. Onlar da elbette ki bu ma\u00e7a as\u0131lacakt\u0131r. K\u00fcme d\u00fc\u015fme potas\u0131nda olmalar\u0131 sebebiyle \u00e7ok sava\u015f vereceklerdir, u\u011fra\u015f edeceklerdir. Bizim de katiyetle ekip olarak \u00e7ok \u00e2l\u00e2 savunma yapmam\u0131z gereken bir m\u00fcsabaka olacak. Oynam\u0131\u015f oldu\u011fumuz son m\u00fcsabakalarda ne yaz\u0131k ki ferd\u00ee manada yapm\u0131\u015f oldu\u011fumuz yanl\u0131\u015flar vard\u0131. Bu m\u00fcsabakada ikinci b\u00f6lgede mi oynayaca\u011f\u0131z, \u00fc\u00e7\u00fcnc\u00fc b\u00f6lgede mi oynayaca\u011f\u0131z onu ma\u00e7 ba\u015flay\u0131nca g\u00f6sterece\u011fiz. Ne yaz\u0131k ki dar bir tak\u0131m\u0131m\u0131z var. Sakatl\u0131klardan sonra istemedi\u011fimiz performanslar g\u00f6sterdi\u011fimiz de oldu. Lakin ekip halinde oynamay\u0131 \u015fimdiye kadar \u00e7ok ho\u015f ba\u015fard\u0131k. Bundan sonra da elimizden gelenin en g\u00fczelini yapmak istiyoruz.&#8221;<\/strong><\/p>\n<\/div>\n<p><\/p>\n","protected":false},"excerpt":{"rendered":"<p>Samsunspor Teknik Y\u00f6neticisi Thomas Reis, ekibin maksatlar\u0131yla ilgili a\u00e7\u0131klamalarda bulundu.<\/p>\n","protected":false},"author":1,"featured_media":44203,"comment_status":"open","ping_status":"open","sticky":false,"template":"","format":"standard","meta":{"footnotes":""},"categories":[25],"tags":[336,3276,51,50,52],"class_list":["post-44202","post","type-post","status-publish","format-standard","has-post-thumbnail","hentry","category-futbol","tag-karsilasma","tag-kesinlikle","tag-lig","tag-mac","tag-takim"],"_links":{"self":[{"href":"https:\/\/haberbesiktas.tr\/index.php?rest_route=\/wp\/v2\/posts\/44202","targetHints":{"allow":["GET"]}}],"collection":[{"href":"https:\/\/haberbesiktas.tr\/index.php?rest_route=\/wp\/v2\/posts"}],"about":[{"href":"https:\/\/haberbesiktas.tr\/index.php?rest_route=\/wp\/v2\/types\/post"}],"author":[{"embeddable":true,"href":"https:\/\/haberbesiktas.tr\/index.php?rest_route=\/wp\/v2\/users\/1"}],"replies":[{"embeddable":true,"href":"https:\/\/haberbesiktas.tr\/index.php?rest_route=%2Fwp%2Fv2%2Fcomments&post=44202"}],"version-history":[{"count":1,"href":"https:\/\/haberbesiktas.tr\/index.php?rest_route=\/wp\/v2\/posts\/44202\/revisions"}],"predecessor-version":[{"id":44204,"href":"https:\/\/haberbesiktas.tr\/index.php?rest_route=\/wp\/v2\/posts\/44202\/revisions\/44204"}],"wp:featuredmedia":[{"embeddable":true,"href":"https:\/\/haberbesiktas.tr\/index.php?rest_route=\/wp\/v2\/media\/44203"}],"wp:attachment":[{"href":"https:\/\/haberbesiktas.tr\/index.php?rest_route=%2Fwp%2Fv2%2Fmedia&parent=44202"}],"wp:term":[{"taxonomy":"category","embeddable":true,"href":"https:\/\/haberbesiktas.tr\/index.php?rest_route=%2Fwp%2Fv2%2Fcategories&post=44202"},{"taxonomy":"post_tag","embeddable":true,"href":"https:\/\/haberbesiktas.tr\/index.php?rest_route=%2Fwp%2Fv2%2Ftags&post=44202"}],"curies":[{"name":"wp","href":"https:\/\/api.w.org\/{rel}","templated":true}]}}