{"id":44208,"date":"2025-07-02T17:36:08","date_gmt":"2025-07-02T17:36:08","guid":{"rendered":"https:\/\/haberbesiktas.tr\/?p=44208"},"modified":"2025-07-02T17:36:08","modified_gmt":"2025-07-02T17:36:08","slug":"galatasarayda-gozler-turkiye-kupasi-macina-cevrildi","status":"publish","type":"post","link":"https:\/\/haberbesiktas.tr\/?p=44208","title":{"rendered":"Galatasaray&#8217;da g\u00f6zler T\u00fcrkiye Kupas\u0131 ma\u00e7\u0131na \u00e7evrildi"},"content":{"rendered":"<div>Galatasaray Futbol Ekibi, T\u00dcMOSAN Konyaspor ile yapaca\u011f\u0131 Ziraat T\u00fcrkiye Kupas\u0131 yar\u0131 final ma\u00e7\u0131n\u0131n haz\u0131rl\u0131klar\u0131na ba\u015flad\u0131.<\/p>\n<p> Trendyol \u00dcst\u00fcn Lig&#8217;in 32. haftas\u0131nda d\u00fcn konuk etti\u011fi Sipay Bodrum FK&#8217;yi 2-0 ma\u011flup eden sar\u0131-k\u0131rm\u0131z\u0131l\u0131 grup, orta vermeden Konyaspor kar\u015f\u0131la\u015fmas\u0131 \u00f6ncesi birinci idman\u0131n\u0131 yapt\u0131.<\/p>\n<p> Kul\u00fcpten yap\u0131lan a\u00e7\u0131klamaya nazaran Kemerburgaz Metin Oktay Tesisleri&#8217;ndeki idman, teknik y\u00f6netici Okan Buruk idaresinde ger\u00e7ekle\u015ftirildi.<\/p>\n<p> Topla \u0131s\u0131nmayla ba\u015flayan egzersiz, iki k\u00fcme halinde 8&#8217;e 2 pas \u00e7al\u0131\u015fmas\u0131yla devam etti. \u0130dman, topa sahip olma ve ikiye iki oyun \u00e7al\u0131\u015fmalar\u0131n\u0131n akabinde \u00e7ift kale ma\u00e7la sona erdi.<\/p>\n<p> Galatasaray, 22 Nisan Sal\u0131 g\u00fcn\u00fc deplasmanda yapaca\u011f\u0131 Konyaspor kar\u015f\u0131la\u015fmas\u0131n\u0131n haz\u0131rl\u0131klar\u0131na yar\u0131n ger\u00e7ekle\u015ftirece\u011fi idmanla devam edecek.<\/p>\n<\/div>\n<p><\/p>\n","protected":false},"excerpt":{"rendered":"<p>S\u00fcper Lig&#8217;de haftay\u0131 galibiyetle kapatan Galatasaray, Konyaspor ile oynayaca\u011f\u0131 Ziraat T\u00fcrkiye Kupas\u0131 yar\u0131 final ma\u00e7\u0131 haz\u0131rl\u0131klar\u0131na ba\u015flad\u0131.<\/p>\n","protected":false},"author":1,"featured_media":44209,"comment_status":"open","ping_status":"open","sticky":false,"template":"","format":"standard","meta":{"footnotes":""},"categories":[25],"tags":[],"class_list":["post-44208","post","type-post","status-publish","format-standard","has-post-thumbnail","hentry","category-futbol"],"_links":{"self":[{"href":"https:\/\/haberbesiktas.tr\/index.php?rest_route=\/wp\/v2\/posts\/44208","targetHints":{"allow":["GET"]}}],"collection":[{"href":"https:\/\/haberbesiktas.tr\/index.php?rest_route=\/wp\/v2\/posts"}],"about":[{"href":"https:\/\/haberbesiktas.tr\/index.php?rest_route=\/wp\/v2\/types\/post"}],"author":[{"embeddable":true,"href":"https:\/\/haberbesiktas.tr\/index.php?rest_route=\/wp\/v2\/users\/1"}],"replies":[{"embeddable":true,"href":"https:\/\/haberbesiktas.tr\/index.php?rest_route=%2Fwp%2Fv2%2Fcomments&post=44208"}],"version-history":[{"count":1,"href":"https:\/\/haberbesiktas.tr\/index.php?rest_route=\/wp\/v2\/posts\/44208\/revisions"}],"predecessor-version":[{"id":44210,"href":"https:\/\/haberbesiktas.tr\/index.php?rest_route=\/wp\/v2\/posts\/44208\/revisions\/44210"}],"wp:featuredmedia":[{"embeddable":true,"href":"https:\/\/haberbesiktas.tr\/index.php?rest_route=\/wp\/v2\/media\/44209"}],"wp:attachment":[{"href":"https:\/\/haberbesiktas.tr\/index.php?rest_route=%2Fwp%2Fv2%2Fmedia&parent=44208"}],"wp:term":[{"taxonomy":"category","embeddable":true,"href":"https:\/\/haberbesiktas.tr\/index.php?rest_route=%2Fwp%2Fv2%2Fcategories&post=44208"},{"taxonomy":"post_tag","embeddable":true,"href":"https:\/\/haberbesiktas.tr\/index.php?rest_route=%2Fwp%2Fv2%2Ftags&post=44208"}],"curies":[{"name":"wp","href":"https:\/\/api.w.org\/{rel}","templated":true}]}}