{"id":44259,"date":"2025-07-02T20:48:10","date_gmt":"2025-07-02T20:48:10","guid":{"rendered":"https:\/\/haberbesiktas.tr\/?p=44259"},"modified":"2025-07-02T20:48:10","modified_gmt":"2025-07-02T20:48:10","slug":"fatih-tekke-olumlu-tarafindan-bakiyorum-o-da-3-puan","status":"publish","type":"post","link":"https:\/\/haberbesiktas.tr\/?p=44259","title":{"rendered":"Fatih Tekke: &#8220;Olumlu taraf\u0131ndan bak\u0131yorum, o da 3 puan&#8221;"},"content":{"rendered":"<div>Trabzonspor Teknik Y\u00f6neticisi Fatih Tekke, Adana Demirspor ma\u00e7\u0131n\u0131n akabinde a\u00e7\u0131klamalarda bulundu.\u00a0<\/p>\n<p>Tekke, <strong>&#8220;Konu\u015fulacak bir \u015fey yok. Hanemize tek pahal\u0131 \u015fey var, 3 puan. Olumlu konu\u015faca\u011f\u0131m bir \u015fey yok. Oynanmam\u0131\u015f olarak lakin 3 puan olarak d\u00fc\u015f\u00fcnmeliyiz. Biz bu t\u00fcrl\u00fc oynamamal\u0131y\u0131z. <\/strong><\/p>\n<p><strong>Bu kadar kolay top kay\u0131plar\u0131yla oynamamal\u0131y\u0131z. Rakibimizi de tebrik ederim. Tahminen havadan \u00f6t\u00fcr\u00fc enteresan bir \u015fey vard\u0131. Oyunla ilgili konu\u015fmaya gerek yok. Per\u015fembe g\u00fcn\u00fc \u00e7ok k\u0131ymetli bir ma\u00e7 oynayaca\u011f\u0131z. Folcarelli&#8217;yi kaybettik, sakatland\u0131 lakin oyunla ilgili konu\u015fulacak bir \u015fey yok.&#8221;<\/strong> s\u00f6zlerini kulland\u0131.<\/p>\n<p><strong>&#8220;BURADA HERKES EN UYGUNUNU G\u00d6STERMEL\u0130&#8221;<\/strong><\/p>\n<p>Trabzonspor&#8217;un genel durumunu \u00f6zetleyen Tekke, <strong>&#8220;Adana Demirspor grubu b\u00fcy\u00fck bir topluluk lakin gen\u00e7 oyunculardan konseyi. Gen\u00e7 oyunculara kar\u015f\u0131 bu performansla oynuyorsak isimlerden \u00e7ok di\u011fer bir \u015feyle ilgilenmemiz gerekiyor. Trabzonspor formas\u0131 giyen herkes en d\u00fczg\u00fcn\u00fcn\u00fc g\u00f6stermeli. <\/strong><\/p>\n<p><strong>\u0130simler \u00e7ok de\u011ferli de\u011fil burada. Danylo da bizim k\u0131ymetli oyuncular\u0131m\u0131zdan, yat\u0131r\u0131m i\u00e7in al\u0131nm\u0131\u015f bir oyuncu. Vakte gereksinimi var, herkesin vakte muhta\u00e7l\u0131\u011f\u0131 var. Bug\u00fcn \u00e7ok a\u015fa\u011f\u0131da oynad\u0131k, beklemedi\u011fim kadar a\u015fa\u011f\u0131da oynad\u0131k. <\/strong><\/p>\n<p><strong>\u0130yi oynamad\u0131\u011f\u0131m\u0131z i\u00e7in mutsuzluk var. 3-4 de\u011fil, 15-20 durum olmas\u0131 gerekiyor tahminen. Bu t\u0131p ma\u00e7larda \u00f6z inanc\u0131 g\u00f6steremezsek, \u00e7ok \u00f6nemli ma\u00e7lar var \u00f6n\u00fcm\u00fczde. Olumlu taraf\u0131ndan bak\u0131yorum, o da 3 puan.&#8221;<\/strong> dedi.<\/div>\n<p><\/p>\n","protected":false},"excerpt":{"rendered":"<p>Trabzonspor Teknik Y\u00f6neticisi Fatih Tekke, Adana Demirspor ma\u00e7\u0131n\u0131n akabinde konu\u015ftu.<\/p>\n","protected":false},"author":1,"featured_media":44260,"comment_status":"open","ping_status":"open","sticky":false,"template":"","format":"standard","meta":{"footnotes":""},"categories":[25],"tags":[2287,241],"class_list":["post-44259","post","type-post","status-publish","format-standard","has-post-thumbnail","hentry","category-futbol","tag-bir-sey","tag-tek"],"_links":{"self":[{"href":"https:\/\/haberbesiktas.tr\/index.php?rest_route=\/wp\/v2\/posts\/44259","targetHints":{"allow":["GET"]}}],"collection":[{"href":"https:\/\/haberbesiktas.tr\/index.php?rest_route=\/wp\/v2\/posts"}],"about":[{"href":"https:\/\/haberbesiktas.tr\/index.php?rest_route=\/wp\/v2\/types\/post"}],"author":[{"embeddable":true,"href":"https:\/\/haberbesiktas.tr\/index.php?rest_route=\/wp\/v2\/users\/1"}],"replies":[{"embeddable":true,"href":"https:\/\/haberbesiktas.tr\/index.php?rest_route=%2Fwp%2Fv2%2Fcomments&post=44259"}],"version-history":[{"count":1,"href":"https:\/\/haberbesiktas.tr\/index.php?rest_route=\/wp\/v2\/posts\/44259\/revisions"}],"predecessor-version":[{"id":44261,"href":"https:\/\/haberbesiktas.tr\/index.php?rest_route=\/wp\/v2\/posts\/44259\/revisions\/44261"}],"wp:featuredmedia":[{"embeddable":true,"href":"https:\/\/haberbesiktas.tr\/index.php?rest_route=\/wp\/v2\/media\/44260"}],"wp:attachment":[{"href":"https:\/\/haberbesiktas.tr\/index.php?rest_route=%2Fwp%2Fv2%2Fmedia&parent=44259"}],"wp:term":[{"taxonomy":"category","embeddable":true,"href":"https:\/\/haberbesiktas.tr\/index.php?rest_route=%2Fwp%2Fv2%2Fcategories&post=44259"},{"taxonomy":"post_tag","embeddable":true,"href":"https:\/\/haberbesiktas.tr\/index.php?rest_route=%2Fwp%2Fv2%2Ftags&post=44259"}],"curies":[{"name":"wp","href":"https:\/\/api.w.org\/{rel}","templated":true}]}}