{"id":44285,"date":"2025-07-02T22:24:10","date_gmt":"2025-07-02T22:24:10","guid":{"rendered":"https:\/\/haberbesiktas.tr\/?p=44285"},"modified":"2025-07-02T22:24:10","modified_gmt":"2025-07-02T22:24:10","slug":"rafa-silvadan-deplasmanda-dikkat-ceken-katki","status":"publish","type":"post","link":"https:\/\/haberbesiktas.tr\/?p=44285","title":{"rendered":"Rafa Silva&#8217;dan deplasmanda dikkat \u00e7eken katk\u0131!"},"content":{"rendered":"<div>S\u00fcper Lig&#8217;de G\u00f6ztepe ile deplasmanda kar\u015f\u0131la\u015fan Be\u015fikta\u015f, 10. dakikada Rafa Silva ile \u00f6ne ge\u00e7ti.<\/p>\n<p> G\u00f6ztepe deplasman\u0131nda Be\u015fikta\u015f&#8217;\u0131 \u00f6ne ge\u00e7iren Rafa Silva, bilhassa deplasman ma\u00e7lar\u0131ndaki skor katk\u0131s\u0131yla dikkat \u00e7ekiyor. Portekizli y\u0131ld\u0131z, son 8 deplasman ma\u00e7\u0131nda 3 gol, 2 asistle 5 gole katk\u0131 sa\u011flad\u0131.<\/p>\n<p> Rafa Silva, G\u00f6ztepe ma\u00e7\u0131ndaki gol\u00fcyle birlikte ligde bu d\u00f6nem 9. gol\u00fcn\u00fc att\u0131.<\/p>\n<\/div>\n<p><\/p>\n","protected":false},"excerpt":{"rendered":"<p>Be\u015fikta\u015f, G\u00f6ztepe deplasman\u0131nda Rafa Silva ile 1-0 \u00f6ne ge\u00e7ti. Portekizli y\u0131ld\u0131z, son 8 deplasman ma\u00e7\u0131nda 5 gole katk\u0131 sa\u011flad\u0131.<\/p>\n","protected":false},"author":1,"featured_media":44286,"comment_status":"open","ping_status":"open","sticky":false,"template":"","format":"standard","meta":{"footnotes":""},"categories":[25],"tags":[],"class_list":["post-44285","post","type-post","status-publish","format-standard","has-post-thumbnail","hentry","category-futbol"],"_links":{"self":[{"href":"https:\/\/haberbesiktas.tr\/index.php?rest_route=\/wp\/v2\/posts\/44285","targetHints":{"allow":["GET"]}}],"collection":[{"href":"https:\/\/haberbesiktas.tr\/index.php?rest_route=\/wp\/v2\/posts"}],"about":[{"href":"https:\/\/haberbesiktas.tr\/index.php?rest_route=\/wp\/v2\/types\/post"}],"author":[{"embeddable":true,"href":"https:\/\/haberbesiktas.tr\/index.php?rest_route=\/wp\/v2\/users\/1"}],"replies":[{"embeddable":true,"href":"https:\/\/haberbesiktas.tr\/index.php?rest_route=%2Fwp%2Fv2%2Fcomments&post=44285"}],"version-history":[{"count":1,"href":"https:\/\/haberbesiktas.tr\/index.php?rest_route=\/wp\/v2\/posts\/44285\/revisions"}],"predecessor-version":[{"id":44287,"href":"https:\/\/haberbesiktas.tr\/index.php?rest_route=\/wp\/v2\/posts\/44285\/revisions\/44287"}],"wp:featuredmedia":[{"embeddable":true,"href":"https:\/\/haberbesiktas.tr\/index.php?rest_route=\/wp\/v2\/media\/44286"}],"wp:attachment":[{"href":"https:\/\/haberbesiktas.tr\/index.php?rest_route=%2Fwp%2Fv2%2Fmedia&parent=44285"}],"wp:term":[{"taxonomy":"category","embeddable":true,"href":"https:\/\/haberbesiktas.tr\/index.php?rest_route=%2Fwp%2Fv2%2Fcategories&post=44285"},{"taxonomy":"post_tag","embeddable":true,"href":"https:\/\/haberbesiktas.tr\/index.php?rest_route=%2Fwp%2Fv2%2Ftags&post=44285"}],"curies":[{"name":"wp","href":"https:\/\/api.w.org\/{rel}","templated":true}]}}