{"id":44388,"date":"2025-07-03T05:12:08","date_gmt":"2025-07-03T05:12:08","guid":{"rendered":"https:\/\/haberbesiktas.tr\/?p=44388"},"modified":"2025-07-03T05:12:08","modified_gmt":"2025-07-03T05:12:08","slug":"galatasaray-bodrum-maci-kadrosu-ve-muhtemel-ilk-11ler","status":"publish","type":"post","link":"https:\/\/haberbesiktas.tr\/?p=44388","title":{"rendered":"Galatasaray &#8211; Bodrum ma\u00e7\u0131 kadrosu ve muhtemel ilk 11&#8217;ler"},"content":{"rendered":"<div>\n<div> Lider\u00a0Galatasaray, Trendyol Muhte\u015fem Lig&#8217;in 32. haftas\u0131nda Sipay Bodrum FK&#8217;yi konuk edecek.<br \/> RAMS Park&#8217;ta oynanacak ma\u00e7 saat 20.00&#8217;de ba\u015flayacak. \u00c7abay\u0131 Hakem Mehmet T\u00fcrkmen y\u00f6netecek.\u00a0<strong>M\u00fcsabakan\u0131n VAR koltu\u011funda ise Alman hakem Markus Schmidt oturacak.<\/strong>\u00a0Kar\u015f\u0131la\u015fma, beIN Sports 1 ekranlar\u0131ndan yay\u0131nlanacak.<\/p>\n<p> Sar\u0131-k\u0131rm\u0131z\u0131l\u0131 tak\u0131m, bu d\u00f6nem 29 ma\u00e7ta 23 galibiyet, 5 beraberlik ve 1 yenilgiyle ya\u015fayarak 74 puan toplad\u0131. &#8220;Cimbom&#8221;, en yak\u0131n takip\u00e7isi Fenerbah\u00e7e&#8217;nin 3 puan \u00f6n\u00fcnde 32. haftaya ba\u015fkan girdi.<\/p>\n<p> Muhte\u015fem Lig&#8217;deki 30 ma\u00e7\u0131ndan 9 galibiyet, 7 beraberlik ve 14 yenilgiyle ayr\u0131lan Sipay Bodrum FK ise 34 puanla 14. s\u0131rada yer al\u0131yor.<\/p>\n<p><span><span><strong>750 TL&#8217;YE VARAN BONUSLA TUTTUR&#8217;DA OYNA<\/strong><\/span><\/span><\/p>\n<p><span><span><img decoding=\"async\" src=\"https:\/\/haberbesiktas.tr\/wp-content\/uploads\/2025\/07\/galatasaray-bodrum-maci-kadrosu-ve-muhtemel-ilk-11ler-0-9DSPn9BD.jpg\"\/><\/span><\/span><\/p>\n<p> <strong><strong>GALATASARAY &#8211; BODRUM MA\u00c7I TAKIMI VE\u00a0<\/strong>MUHTEMEL 11&#8217;LER<\/p>\n<p>Galatasaray:<\/strong>\u00a0Muslera, Frankowski, Davinson, Abd\u00fclkerim, Eren, Torreira, Lemina, Yunus, Sara, Bar\u0131\u015f, Osimhen<strong><\/p>\n<p>Bodrum FK:\u00a0<\/strong>Sousa, Celutska, Ajeti, Ali, Cenk, Taylan, Seferi, Fredy, Bardhi, Okita, Pu\u015f\u00e7a\u015f<\/p>\n<p><img decoding=\"async\" src=\"https:\/\/haberbesiktas.tr\/wp-content\/uploads\/2025\/07\/galatasaray-bodrum-maci-kadrosu-ve-muhtemel-ilk-11ler-1-zyA4RKs3.jpg\"\/><strong><\/p>\n<p>GALATASARAY \u0130LE BODRUM, 2. RANDEVUDA<\/strong><\/p>\n<p> Galatasaray, bu d\u00f6nem birinci kez S\u00fcper Lig&#8217;de yer alan Sipay Bodrum FK&#8217;ye kar\u015f\u0131 2. ma\u00e7\u0131na \u00e7\u0131kacak.<\/p>\n<p> Sar\u0131-k\u0131rm\u0131z\u0131l\u0131 grup, Sipay Bodrum FK ile d\u00f6nemin birinci yar\u0131s\u0131nda deplasmanda oynad\u0131\u011f\u0131 ma\u00e7\u0131 1-0 kazanm\u0131\u015ft\u0131.<\/p>\n<p> <strong>BU SEZON L\u0130GDE YALNIZCA BE\u015e\u0130KTA\u015e&#8217;A YEN\u0130LD\u0130<\/strong><\/p>\n<p> Sar\u0131-k\u0131rm\u0131z\u0131l\u0131 grup, bu sezon S\u00fcper Lig&#8217;de yaln\u0131zca Be\u015fikta\u015f&#8217;a ma\u011flup oldu.<\/p>\n<p> T\u00fcpra\u015f Stad\u0131&#8217;ndaki m\u00fcsabakaya kadar ligdeki son 28 ma\u00e7\u0131nda ma\u011flup olmayan sar\u0131-k\u0131rm\u0131z\u0131l\u0131 kadronun yenilmezlik serisi, 2-1&#8217;lik Be\u015fikta\u015f yenilgisiyle sona erdi.<\/p>\n<p> <strong>SAHASINDAK\u0130 SON 14 L\u0130G MA\u00c7INI KAYBETMED\u0130<\/strong><\/p>\n<p> Sar\u0131-k\u0131rm\u0131z\u0131l\u0131 tak\u0131m, alan\u0131ndaki son 14 lig ma\u00e7\u0131nda ma\u011flup olmad\u0131.<\/p>\n<p> Son olarak ge\u00e7en d\u00f6nemin 37. haftas\u0131ndaki Fenerbah\u00e7e derbisinde rakibine 1-0 kaybeden &#8220;Cimbom&#8221;, bu d\u00f6nemde RAMS Park&#8217;ta \u00e7\u0131kt\u0131\u011f\u0131 14 lig ma\u00e7\u0131nda yenilmedi.\u00a0Galatasaray, kelam konusu 14 ma\u00e7ta 11 galibiyet ve 3 beraberlik ya\u015fad\u0131.<\/p>\n<p> <strong>2 FUTBOLCU FORMA G\u0130YEMEYECEK<\/strong><\/p>\n<p> Galatasaray&#8217;da 2 futbolcu kar\u015f\u0131la\u015fmada forma giyemeyecek.<\/p>\n<p> Reeder Samsunspor ma\u00e7\u0131nda sar\u0131 kart g\u00f6rerek cezal\u0131 duruma d\u00fc\u015fen Macar futbolcu Roland Sallai ile sakatl\u0131\u011f\u0131 bulunan Danimarkal\u0131 savunma oyuncusu Elias Jelert, Sipay Bodrum FK kar\u015f\u0131s\u0131nda vazife yapamayacak.<\/p>\n<p> Tedavisine devam edilen Kaan Ayhan&#8217;\u0131n durumu ise son idman\u0131n akabinde a\u015fik\u00e2r olacak.<\/p>\n<p><strong>FRANKOWSKI&#8217;N\u0130N CEZASI B\u0130TT\u0130<\/strong><\/p>\n<p> Galatasaray&#8217;\u0131n Polonyal\u0131 sa\u011f beki Przemyslaw Frankowski, Sipay Bodrum FK kar\u015f\u0131s\u0131nda misyon alabilecek.<\/p>\n<p> Be\u015fikta\u015f m\u00fcsabakas\u0131nda k\u0131rm\u0131z\u0131 kart g\u00f6ren Przemyslaw Frankowski, cezas\u0131 tamamland\u0131\u011f\u0131 i\u00e7in Sipay Bodrum FK ma\u00e7\u0131nda oynayabilecek.<\/p>\n<p> <strong>D\u00d6RT FUTBOLCU CEZA SINIRINDA<\/strong><\/p>\n<p>Galatasaray&#8217;da 4 futbolcu Sipay Bodrum FK ma\u00e7\u0131 \u00f6ncesinde sar\u0131 kart ceza hududunda bulunuyor.<\/p>\n<p> Victor Osimhen, Bar\u0131\u015f Alper Y\u0131lmaz, Davinson Sanchez ve Gabriel Sara, sar\u0131 kart g\u00f6rmeleri durumunda 33. haftadaki ikas Ey\u00fcpspor ma\u00e7\u0131nda oynayamayacak.<\/p>\n<p> <strong>EN B\u00dcY\u00dcK GOL UMUDU OSIMHEN<\/strong><\/p>\n<p> Sar\u0131-k\u0131rm\u0131z\u0131l\u0131 ekibin\u00a0 kar\u015f\u0131la\u015fmada en k\u0131ymetli gol aya\u011f\u0131 Victor Osimhen olacak.<\/p>\n<p> Bu d\u00f6nem 24 S\u00fcper Lig ma\u00e7\u0131nda 21 sefer fileleri havaland\u0131rarak gol krall\u0131\u011f\u0131nda dorukta yer alan Osimhen, performans\u0131yla sar\u0131-k\u0131rm\u0131z\u0131l\u0131 kadrosu adeta s\u0131rtl\u0131yor.<\/p>\n<p> Son 5 S\u00fcper Lig ma\u00e7\u0131nda 7 gol kaydeden Nijeryal\u0131 y\u0131ld\u0131z, ma\u00e7ta\u00a0Galatasaray&#8217;\u0131n gole en yak\u0131n oyuncusu olacak.<\/p>\n<p> UEFA Avrupa Ligi&#8217;ndeki 7 m\u00fcsabakada 6 gol kaydeden Nijeryal\u0131 y\u0131ld\u0131z, Ziraat T\u00fcrkiye Kupas\u0131&#8217;nda da Fenerbah\u00e7e&#8217;ye 2 gol att\u0131.<\/p>\n<div>\u00a0<\/div>\n<\/p><\/div>\n<div>\u00a0<\/div>\n<\/div>\n<p> <\/p>\n<div>Haber ile daha fazlas\u0131na ula\u015f\u0131n:<\/div>\n<div>G\u00fcndem<\/div>\n","protected":false},"excerpt":{"rendered":"<p>Galatasaray &#8211; Bodrum ma\u00e7\u0131 tak\u0131m\u0131 ve beklenen birinci 11&#8217;leri netle\u015fiyor. \u00d6nder Galatasaray, Trendyol Harika Lig&#8217;in 32. haftas\u0131nda Sipay Bodrum FK&#8217;yi a\u011f\u0131rlayacak. Pekala, Galatasaray &#8211; Bodrum ma\u00e7\u0131 ne vakit, saat ka\u00e7ta, hangi kanalda?<\/p>\n","protected":false},"author":1,"featured_media":44389,"comment_status":"open","ping_status":"open","sticky":false,"template":"","format":"standard","meta":{"footnotes":""},"categories":[10],"tags":[129,77,50,508,1600],"class_list":["post-44388","post","type-post","status-publish","format-standard","has-post-thumbnail","hentry","category-basketbol","tag-galatasaray","tag-gol","tag-mac","tag-sari-kirmizili","tag-sipay-bodrum-fk"],"_links":{"self":[{"href":"https:\/\/haberbesiktas.tr\/index.php?rest_route=\/wp\/v2\/posts\/44388","targetHints":{"allow":["GET"]}}],"collection":[{"href":"https:\/\/haberbesiktas.tr\/index.php?rest_route=\/wp\/v2\/posts"}],"about":[{"href":"https:\/\/haberbesiktas.tr\/index.php?rest_route=\/wp\/v2\/types\/post"}],"author":[{"embeddable":true,"href":"https:\/\/haberbesiktas.tr\/index.php?rest_route=\/wp\/v2\/users\/1"}],"replies":[{"embeddable":true,"href":"https:\/\/haberbesiktas.tr\/index.php?rest_route=%2Fwp%2Fv2%2Fcomments&post=44388"}],"version-history":[{"count":1,"href":"https:\/\/haberbesiktas.tr\/index.php?rest_route=\/wp\/v2\/posts\/44388\/revisions"}],"predecessor-version":[{"id":44392,"href":"https:\/\/haberbesiktas.tr\/index.php?rest_route=\/wp\/v2\/posts\/44388\/revisions\/44392"}],"wp:featuredmedia":[{"embeddable":true,"href":"https:\/\/haberbesiktas.tr\/index.php?rest_route=\/wp\/v2\/media\/44389"}],"wp:attachment":[{"href":"https:\/\/haberbesiktas.tr\/index.php?rest_route=%2Fwp%2Fv2%2Fmedia&parent=44388"}],"wp:term":[{"taxonomy":"category","embeddable":true,"href":"https:\/\/haberbesiktas.tr\/index.php?rest_route=%2Fwp%2Fv2%2Fcategories&post=44388"},{"taxonomy":"post_tag","embeddable":true,"href":"https:\/\/haberbesiktas.tr\/index.php?rest_route=%2Fwp%2Fv2%2Ftags&post=44388"}],"curies":[{"name":"wp","href":"https:\/\/api.w.org\/{rel}","templated":true}]}}