{"id":44612,"date":"2025-07-03T16:36:21","date_gmt":"2025-07-03T16:36:21","guid":{"rendered":"https:\/\/haberbesiktas.tr\/?p=44612"},"modified":"2025-07-03T16:36:21","modified_gmt":"2025-07-03T16:36:21","slug":"adana-demirsporlu-tayfun-aydogandan-fatih-tekkeye-gonderme-2","status":"publish","type":"post","link":"https:\/\/haberbesiktas.tr\/?p=44612","title":{"rendered":"Adana Demirsporlu Tayfun Aydo\u011fan&#8217;dan Fatih Tekke&#8217;ye g\u00f6nderme"},"content":{"rendered":"<div>Adana Demirsporlu Tayfun Aydo\u011fan, Trabzonspor m\u00fcsabakas\u0131n\u0131n akabinde a\u00e7\u0131klamalarda bulundu.<\/p>\n<p> Trabzonspor Teknik Y\u00f6neticisi Fatih Tekke&#8217;nin ma\u00e7 \u00f6ncesi yapt\u0131\u011f\u0131 &#8220;<strong>Adana Demirspor gen\u00e7 bir grup. Tecr\u00fcbeleri bizden az. Kalite fark\u0131 ortada ancak alandaki oyun bunu belirler. Hava biraz s\u0131cak, gezmek i\u00e7in ho\u015f fakat oynamak i\u00e7in zor<\/strong>.&#8221; a\u00e7\u0131klamalara g\u00f6nderme yapan Tayfun Aydo\u011fan &#8220;<strong>Trabzonspor, b\u00fcy\u00fck bir topluluk. Ma\u00e7 \u00f6ncesi, Fatih Hoca&#8217;n\u0131n a\u00e7\u0131klamalar\u0131nda bizi k\u00fc\u00e7\u00fcmsedi\u011fini duyduk. Bu, bizi h\u0131rsland\u0131rd\u0131. Alanda yan\u0131t verdi\u011fimizi d\u00fc\u015f\u00fcn\u00fcyorum<\/strong>.&#8221; dedi.<\/p>\n<p> A\u00e7\u0131klamalar\u0131na devam eden Tayfun Aydo\u011fan &#8220;<strong>Avrupa&#8217;n\u0131n en gen\u00e7 kadrolar\u0131ndan biriyiz fakat kar\u015f\u0131m\u0131zdaki bedelli oyunculara kar\u015f\u0131 \u00e7ok yeterli \u00e7aba ettik. Durumlar da bulduk, fakat olmad\u0131. Bu denli zorlu\u011fun i\u00e7inde bu \u00e7abay\u0131 vermek takdire \u015fayan bir durum. Hepsiyle gurur duyuyorum.&#8221;<\/strong> a\u00e7\u0131klamas\u0131n\u0131 yapt\u0131.<\/p>\n<\/div>\n<p><\/p>\n","protected":false},"excerpt":{"rendered":"<p>Adana Demirsporlu Tayfun Aydo\u011fan, Trabzonspor Teknik Y\u00f6neticisi Fatih Tekke&#8217;nin kelamlar\u0131n\u0131n kendilerini motive etti\u011fini s\u00f6yledi.<\/p>\n","protected":false},"author":1,"featured_media":44613,"comment_status":"open","ping_status":"open","sticky":false,"template":"","format":"standard","meta":{"footnotes":""},"categories":[10],"tags":[],"class_list":["post-44612","post","type-post","status-publish","format-standard","has-post-thumbnail","hentry","category-basketbol"],"_links":{"self":[{"href":"https:\/\/haberbesiktas.tr\/index.php?rest_route=\/wp\/v2\/posts\/44612","targetHints":{"allow":["GET"]}}],"collection":[{"href":"https:\/\/haberbesiktas.tr\/index.php?rest_route=\/wp\/v2\/posts"}],"about":[{"href":"https:\/\/haberbesiktas.tr\/index.php?rest_route=\/wp\/v2\/types\/post"}],"author":[{"embeddable":true,"href":"https:\/\/haberbesiktas.tr\/index.php?rest_route=\/wp\/v2\/users\/1"}],"replies":[{"embeddable":true,"href":"https:\/\/haberbesiktas.tr\/index.php?rest_route=%2Fwp%2Fv2%2Fcomments&post=44612"}],"version-history":[{"count":1,"href":"https:\/\/haberbesiktas.tr\/index.php?rest_route=\/wp\/v2\/posts\/44612\/revisions"}],"predecessor-version":[{"id":44614,"href":"https:\/\/haberbesiktas.tr\/index.php?rest_route=\/wp\/v2\/posts\/44612\/revisions\/44614"}],"wp:featuredmedia":[{"embeddable":true,"href":"https:\/\/haberbesiktas.tr\/index.php?rest_route=\/wp\/v2\/media\/44613"}],"wp:attachment":[{"href":"https:\/\/haberbesiktas.tr\/index.php?rest_route=%2Fwp%2Fv2%2Fmedia&parent=44612"}],"wp:term":[{"taxonomy":"category","embeddable":true,"href":"https:\/\/haberbesiktas.tr\/index.php?rest_route=%2Fwp%2Fv2%2Fcategories&post=44612"},{"taxonomy":"post_tag","embeddable":true,"href":"https:\/\/haberbesiktas.tr\/index.php?rest_route=%2Fwp%2Fv2%2Ftags&post=44612"}],"curies":[{"name":"wp","href":"https:\/\/api.w.org\/{rel}","templated":true}]}}