{"id":44627,"date":"2025-07-03T17:48:14","date_gmt":"2025-07-03T17:48:14","guid":{"rendered":"https:\/\/haberbesiktas.tr\/?p=44627"},"modified":"2025-07-03T17:48:14","modified_gmt":"2025-07-03T17:48:14","slug":"barcelonadan-inanilmaz-son-4-3-2","status":"publish","type":"post","link":"https:\/\/haberbesiktas.tr\/?p=44627","title":{"rendered":"Barcelona&#8217;dan inan\u0131lmaz son: 4-3!"},"content":{"rendered":"<div>\u0130spanya La Liga&#8217;n\u0131n 32. haftas\u0131nda Barcelona, alan\u0131nda Celta Vigo ile kar\u015f\u0131 kar\u015f\u0131ya geldi. Barcelona, Celta Vigo&#8217;yu 4-3&#8217;l\u00fck skorla ma\u011flup etti.<\/p>\n<p> Barcelona, 12. dakikada Ferran Torres ile \u00f6ne ge\u00e7ti. Celta Vigo, 15. dakikada Borja Iglesias&#8217;\u0131n att\u0131\u011f\u0131 golle soyunma odas\u0131na 1-1 ile gitti.<\/p>\n<p> Celta Vigo&#8217;da birinci gol\u00fc atan Iglesias, 52 ve 62&#8217;de yeniden sahneye \u00e7\u0131kt\u0131 ve hat-trick yaparak durumu 3-1&#8217;e getirdi.<\/p>\n<p> Barcelona, 64. dakikada Dani Olmo ve 68. dakikada Raphinha&#8217;n\u0131n att\u0131\u011f\u0131 golle 3-3&#8217;l\u00fck skoru buldu.<\/p>\n<p> Barcelona, 90+7. dakikada Raphinha&#8217;n\u0131n penalt\u0131 gol\u00fcyle ma\u00e7tan 4-3&#8217;l\u00fck galibiyetle ayr\u0131ld\u0131.<\/p>\n<p> Bu sonucun akabinde Barcelona, 73 puana y\u00fckseldi. Celta Vigo, 43 puanda kald\u0131.<\/p>\n<p>Ligin gelecek haftas\u0131nda Barcelona, alan\u0131nda bu kere Mallorca ile kar\u015f\u0131la\u015facak. Celta Vigo ise gelecek hafta konutunda Villarreal&#8217;i konuk edecek.<\/p>\n<p><img decoding=\"async\" src=\"https:\/\/haberbesiktas.tr\/wp-content\/uploads\/2025\/07\/barcelonadan-inanilmaz-son-4-3-0-NjIAklAb.jpg\"\/><\/p>\n<p> \u00a0<\/p>\n<blockquote class=\"twitter-tweet\" data-width=\"500\" data-dnt=\"true\">\n<p lang=\"tr\" dir=\"ltr\">BARCELONA GER\u0130 D\u00d6N\u00dc\u015e\u00dc TAMAMLADI\ud83d\udd25\ud83d\udd25 <a href=\"https:\/\/t.co\/mCXj1Nqzgk\" rel=\"nofollow\">pic.twitter.com\/mCXj1Nqzgk<\/a><\/p>\n<p>&mdash; Sporxtv (@sporxtv) <a href=\"https:\/\/twitter.com\/sporxtv\/status\/1913629010858230083?ref_src=twsrc%5Etfw\" rel=\"nofollow noopener\" target=\"_blank\">April 19, 2025<\/a><\/p><\/blockquote>\n<p><script async src=\"https:\/\/platform.twitter.com\/widgets.js\" charset=\"utf-8\"><\/script><\/p>\n<\/p><\/div>\n<p><\/p>\n","protected":false},"excerpt":{"rendered":"<p>\u0130spanya La Liga&#8217;n\u0131n 32. haftas\u0131nda Barcelona, alan\u0131nda Celta Vigo&#8217;yu 4-3 ma\u011flup etti.<\/p>\n","protected":false},"author":1,"featured_media":44628,"comment_status":"open","ping_status":"open","sticky":false,"template":"","format":"standard","meta":{"footnotes":""},"categories":[10],"tags":[307,499],"class_list":["post-44627","post","type-post","status-publish","format-standard","has-post-thumbnail","hentry","category-basketbol","tag-barcelona","tag-celta-vigo"],"_links":{"self":[{"href":"https:\/\/haberbesiktas.tr\/index.php?rest_route=\/wp\/v2\/posts\/44627","targetHints":{"allow":["GET"]}}],"collection":[{"href":"https:\/\/haberbesiktas.tr\/index.php?rest_route=\/wp\/v2\/posts"}],"about":[{"href":"https:\/\/haberbesiktas.tr\/index.php?rest_route=\/wp\/v2\/types\/post"}],"author":[{"embeddable":true,"href":"https:\/\/haberbesiktas.tr\/index.php?rest_route=\/wp\/v2\/users\/1"}],"replies":[{"embeddable":true,"href":"https:\/\/haberbesiktas.tr\/index.php?rest_route=%2Fwp%2Fv2%2Fcomments&post=44627"}],"version-history":[{"count":1,"href":"https:\/\/haberbesiktas.tr\/index.php?rest_route=\/wp\/v2\/posts\/44627\/revisions"}],"predecessor-version":[{"id":44630,"href":"https:\/\/haberbesiktas.tr\/index.php?rest_route=\/wp\/v2\/posts\/44627\/revisions\/44630"}],"wp:featuredmedia":[{"embeddable":true,"href":"https:\/\/haberbesiktas.tr\/index.php?rest_route=\/wp\/v2\/media\/44628"}],"wp:attachment":[{"href":"https:\/\/haberbesiktas.tr\/index.php?rest_route=%2Fwp%2Fv2%2Fmedia&parent=44627"}],"wp:term":[{"taxonomy":"category","embeddable":true,"href":"https:\/\/haberbesiktas.tr\/index.php?rest_route=%2Fwp%2Fv2%2Fcategories&post=44627"},{"taxonomy":"post_tag","embeddable":true,"href":"https:\/\/haberbesiktas.tr\/index.php?rest_route=%2Fwp%2Fv2%2Ftags&post=44627"}],"curies":[{"name":"wp","href":"https:\/\/api.w.org\/{rel}","templated":true}]}}