{"id":44631,"date":"2025-07-03T18:24:06","date_gmt":"2025-07-03T18:24:06","guid":{"rendered":"https:\/\/haberbesiktas.tr\/?p=44631"},"modified":"2025-07-03T18:24:06","modified_gmt":"2025-07-03T18:24:06","slug":"mustafa-alper-avci-planimizi-sonraki-sezona-biraktik-2","status":"publish","type":"post","link":"https:\/\/haberbesiktas.tr\/?p=44631","title":{"rendered":"Mustafa Alper Avc\u0131: &#8220;Plan\u0131m\u0131z\u0131 sonraki sezona b\u0131rakt\u0131k&#8221;"},"content":{"rendered":"<div>Trendyol Harika Lig&#8217;in 32. haftas\u0131nda alan\u0131nda Trabzonspor&#8217;a 1-0 yenilen Adana Demirspor&#8217;da teknik y\u00f6netici Mustafa Alper Avc\u0131, &#8220;Oyunumuzu, oyuncular\u0131 geli\u015ftirerek \u00f6n\u00fcm\u00fczdeki d\u00f6nemle alakal\u0131 plan\u0131 d\u00f6nem sonuna b\u0131rakt\u0131k.&#8221; dedi.<\/p>\n<p> Avc\u0131, ma\u00e7\u0131n akabinde d\u00fczenlenen bas\u0131n toplant\u0131s\u0131nda, alanda 90 dakika boyunca \u00e2l\u00e2 gayret eden bir oyuncu k\u00fcmesinin oldu\u011funu belirtti.<\/p>\n<p> Oyuncular\u0131n\u0131n gen\u00e7 ve potansiyelli oldu\u011funu tabir eden Avc\u0131, &#8220;Oynamam\u0131z gereken oyun bu formda. Gayretten kopmadan, bilhassa top rakipteyken \u00e7ok ger\u00e7ek durum ald\u0131k. Hem bloklar ortas\u0131nda hem de mevkiler ortas\u0131nda oyuncular\u0131m bug\u00fcn \u00e7ok \u00f6zverili oynad\u0131lar. Topa sahipken yapmam\u0131z gerekenleri daha net kullanabilirdik. \u00d6n b\u00f6lgede biraz daha hareketlili\u011fi artt\u0131rabilseydik konumlar yakalayabilirdik. Mevcut gen\u00e7 oyuncular \u00fczerinden konu\u015ftu\u011fumuzda, onlar\u0131 skorlardan ba\u011f\u0131ms\u0131z bu halde kazanabiliriz.&#8221; de\u011ferlendirmesinde bulundu.<\/p>\n<p> Avc\u0131, m\u00fcsabakada bir\u00e7ok gen\u00e7 oyuncunun oldu\u011funu an\u0131msatarak, \u015funlar\u0131 kaydetti:<\/p>\n<p> &#8220;Oyunumuzu, oyuncular\u0131 geli\u015ftirerek \u00f6n\u00fcm\u00fczdeki d\u00f6nemle alakal\u0131 plan\u0131 d\u00f6nem sonuna b\u0131rakt\u0131k. Kalan ma\u00e7larda bu \u00e7abay\u0131 sergilersek, bu halde devam edersek hem oyuncu olarak hem oyun olarak hem de kul\u00fcb\u00fcn beklentileri ismine \u00fczerimize d\u00fc\u015feni yapaca\u011f\u0131m\u0131za inan\u0131yorum. Bug\u00fcn stattaki taraftarlara \u00e2l\u00e2 futbol izletti\u011fimi d\u00fc\u015f\u00fcn\u00fcyorum. Onlar\u0131n takviyesi \u00e7ok de\u011ferli. Onlara da te\u015fekk\u00fcr ediyorum.&#8221;<\/p>\n<p> \u00a0 <\/p>\n<div>\u00a0<\/div>\n<\/div>\n<p><\/p>\n","protected":false},"excerpt":{"rendered":"<p>\u00dcst\u00fcn Lig&#8217;in 32. haftas\u0131nda Trabzonspor&#8217;a 1-0 ma\u011flup olan Adana Demirspor&#8217;da teknik y\u00f6netici Mustafa Alper Avc\u0131 ma\u00e7 sonu a\u00e7\u0131klamalarda bulundu.<\/p>\n","protected":false},"author":1,"featured_media":44632,"comment_status":"open","ping_status":"open","sticky":false,"template":"","format":"standard","meta":{"footnotes":""},"categories":[10],"tags":[49],"class_list":["post-44631","post","type-post","status-publish","format-standard","has-post-thumbnail","hentry","category-basketbol","tag-oyuncu"],"_links":{"self":[{"href":"https:\/\/haberbesiktas.tr\/index.php?rest_route=\/wp\/v2\/posts\/44631","targetHints":{"allow":["GET"]}}],"collection":[{"href":"https:\/\/haberbesiktas.tr\/index.php?rest_route=\/wp\/v2\/posts"}],"about":[{"href":"https:\/\/haberbesiktas.tr\/index.php?rest_route=\/wp\/v2\/types\/post"}],"author":[{"embeddable":true,"href":"https:\/\/haberbesiktas.tr\/index.php?rest_route=\/wp\/v2\/users\/1"}],"replies":[{"embeddable":true,"href":"https:\/\/haberbesiktas.tr\/index.php?rest_route=%2Fwp%2Fv2%2Fcomments&post=44631"}],"version-history":[{"count":1,"href":"https:\/\/haberbesiktas.tr\/index.php?rest_route=\/wp\/v2\/posts\/44631\/revisions"}],"predecessor-version":[{"id":44633,"href":"https:\/\/haberbesiktas.tr\/index.php?rest_route=\/wp\/v2\/posts\/44631\/revisions\/44633"}],"wp:featuredmedia":[{"embeddable":true,"href":"https:\/\/haberbesiktas.tr\/index.php?rest_route=\/wp\/v2\/media\/44632"}],"wp:attachment":[{"href":"https:\/\/haberbesiktas.tr\/index.php?rest_route=%2Fwp%2Fv2%2Fmedia&parent=44631"}],"wp:term":[{"taxonomy":"category","embeddable":true,"href":"https:\/\/haberbesiktas.tr\/index.php?rest_route=%2Fwp%2Fv2%2Fcategories&post=44631"},{"taxonomy":"post_tag","embeddable":true,"href":"https:\/\/haberbesiktas.tr\/index.php?rest_route=%2Fwp%2Fv2%2Ftags&post=44631"}],"curies":[{"name":"wp","href":"https:\/\/api.w.org\/{rel}","templated":true}]}}