{"id":44698,"date":"2025-07-03T23:12:10","date_gmt":"2025-07-03T23:12:10","guid":{"rendered":"https:\/\/haberbesiktas.tr\/?p=44698"},"modified":"2025-07-03T23:12:10","modified_gmt":"2025-07-03T23:12:10","slug":"karagumrukte-orhan-akin-ayrilik-aciklamasi-2","status":"publish","type":"post","link":"https:\/\/haberbesiktas.tr\/?p=44698","title":{"rendered":"Karag\u00fcmr\u00fck&#8217;te Orhan Ak&#8217;\u0131n ayr\u0131l\u0131k a\u00e7\u0131klamas\u0131"},"content":{"rendered":"<div>Solwie Energy Fatih Karag\u00fcmr\u00fck Teknik Y\u00f6neticisi Orhan Ak, Boluspor ma\u00e7\u0131n\u0131n akabinde vazifesinden ayr\u0131ld\u0131\u011f\u0131n\u0131 a\u00e7\u0131klad\u0131.\u00a0 Kazanmalar\u0131 halinde \u00e7ok \u00f6nemli bir f\u0131rsat yakalayacaklar\u0131n\u0131 ancak istedikleri \u00fczere olmad\u0131\u011f\u0131n\u0131 aktaran Ak, <strong>&#8220;\u00d6zellikle oyuna agresif bask\u0131larla ba\u015flad\u0131k, yakalad\u0131\u011f\u0131m\u0131z f\u0131rsatlar\u0131 de\u011ferlendiremedik. \u0130kinci yar\u0131da ge\u00e7i\u015f oyununda uzaktan gol\u00fc yedik ondan sonra at\u0131l\u0131mlar yapt\u0131k fakat maalesef ma\u00e7\u0131 kazanamad\u0131k.&#8221;<\/strong> s\u00f6zlerini kulland\u0131.<\/p>\n<p> Orhan Ak, Karag\u00fcmr\u00fck&#8217;\u00fcn \u015fampiyonluk i\u00e7in kuruldu\u011funu belirterek, \u015f\u00f6yle konu\u015ftu:<\/p>\n<p> <strong>&#8220;Hem kaliteli hem tecr\u00fcbeli hem de gen\u00e7 potansiyelde oyuncular\u0131 var lakin maalesef son haftalarda kazanam\u0131yoruz, bunun da tek sorumlusu benim. Onun i\u00e7in oyuncular\u0131m\u0131zla da konu\u015ftum, yap\u0131lacak bir \u015fey varsa yapar\u0131z diye. \u0130n\u015fallah bundan sonraki ma\u00e7larda Karag\u00fcmr\u00fck&#8217;\u00fcn kazan\u0131p, \u015fampiyon olaca\u011f\u0131n\u0131 d\u00fc\u015f\u00fcn\u00fcyorum. <\/strong><\/p>\n<p><strong>Oyunculara te\u015fekk\u00fcr ediyorum, bilhassa S\u00fcleyman liderimize \u00e7ok te\u015fekk\u00fcr ediyorum bana bu f\u0131rsat\u0131 verdi\u011fi i\u00e7in. Elimizden geleni yapt\u0131k lakin olmad\u0131 bundan sonra Karag\u00fcmr\u00fck kadrosuna muvaffakiyetler diliyorum. \u0130n\u015fallah \u015fampiyon olacak ve Harika Lig&#8217;e \u00e7\u0131kacakt\u0131r. Bug\u00fcn prestijiyle vedala\u015ft\u0131k.&#8221;<\/strong><\/p>\n<\/div>\n<p><\/p>\n","protected":false},"excerpt":{"rendered":"<p>Solwie Energy Fatih Karag\u00fcmr\u00fck Teknik Y\u00f6neticisi Orhan Ak, Boluspor ma\u00e7\u0131n\u0131n akabinde misyonundan ayr\u0131ld\u0131\u011f\u0131n\u0131 duyurdu.<\/p>\n","protected":false},"author":1,"featured_media":44699,"comment_status":"open","ping_status":"open","sticky":false,"template":"","format":"standard","meta":{"footnotes":""},"categories":[10],"tags":[],"class_list":["post-44698","post","type-post","status-publish","format-standard","has-post-thumbnail","hentry","category-basketbol"],"_links":{"self":[{"href":"https:\/\/haberbesiktas.tr\/index.php?rest_route=\/wp\/v2\/posts\/44698","targetHints":{"allow":["GET"]}}],"collection":[{"href":"https:\/\/haberbesiktas.tr\/index.php?rest_route=\/wp\/v2\/posts"}],"about":[{"href":"https:\/\/haberbesiktas.tr\/index.php?rest_route=\/wp\/v2\/types\/post"}],"author":[{"embeddable":true,"href":"https:\/\/haberbesiktas.tr\/index.php?rest_route=\/wp\/v2\/users\/1"}],"replies":[{"embeddable":true,"href":"https:\/\/haberbesiktas.tr\/index.php?rest_route=%2Fwp%2Fv2%2Fcomments&post=44698"}],"version-history":[{"count":1,"href":"https:\/\/haberbesiktas.tr\/index.php?rest_route=\/wp\/v2\/posts\/44698\/revisions"}],"predecessor-version":[{"id":44700,"href":"https:\/\/haberbesiktas.tr\/index.php?rest_route=\/wp\/v2\/posts\/44698\/revisions\/44700"}],"wp:featuredmedia":[{"embeddable":true,"href":"https:\/\/haberbesiktas.tr\/index.php?rest_route=\/wp\/v2\/media\/44699"}],"wp:attachment":[{"href":"https:\/\/haberbesiktas.tr\/index.php?rest_route=%2Fwp%2Fv2%2Fmedia&parent=44698"}],"wp:term":[{"taxonomy":"category","embeddable":true,"href":"https:\/\/haberbesiktas.tr\/index.php?rest_route=%2Fwp%2Fv2%2Fcategories&post=44698"},{"taxonomy":"post_tag","embeddable":true,"href":"https:\/\/haberbesiktas.tr\/index.php?rest_route=%2Fwp%2Fv2%2Ftags&post=44698"}],"curies":[{"name":"wp","href":"https:\/\/api.w.org\/{rel}","templated":true}]}}