{"id":44701,"date":"2025-07-03T23:24:06","date_gmt":"2025-07-03T23:24:06","guid":{"rendered":"https:\/\/haberbesiktas.tr\/?p=44701"},"modified":"2025-07-03T23:24:06","modified_gmt":"2025-07-03T23:24:06","slug":"nurettin-acikalindan-fenerbahce-ve-galatasaray-sozleri-2","status":"publish","type":"post","link":"https:\/\/haberbesiktas.tr\/?p=44701","title":{"rendered":"Nurettin A\u00e7\u0131kal\u0131n&#8217;dan Fenerbah\u00e7e ve Galatasaray s\u00f6zleri!"},"content":{"rendered":"<div>Kayserispor Lideri Nurettin A\u00e7\u0131kal\u0131n, ligde kar\u015f\u0131la\u015facaklar\u0131 Fenerbah\u00e7e ma\u00e7\u0131 \u00f6ncesi Ekol TV&#8217;ye konu\u015ftu.<\/p>\n<p>A\u00e7\u0131kal\u0131n, &#8220;Fenerbah\u00e7e&#8217;ye kar\u015f\u0131 g\u00fc\u00e7 bir ma\u00e7a \u00e7\u0131kaca\u011f\u0131z. Fenerbah\u00e7e \u00fclkemizin de\u011ferli ekiplerinden biri. Galibiyet parolas\u0131yla geldik. Her ma\u00e7a bu formda \u00e7\u0131k\u0131yoruz. Yeterli olan\u0131n kazanmas\u0131n\u0131 temenni ediyoruz.&#8221; dedi.\u00a0\u00a0<\/p>\n<p><strong>&#8220;P\u0130NPON MUAMELES\u0130 G\u00d6RMEK \u0130STEM\u0130YORUZ&#8221;<\/strong><\/p>\n<p> Kart cezalar\u0131 hakk\u0131nda konu\u015fan A\u00e7\u0131kal\u0131n,<strong> &#8220;Bizim hedeflerimiz var. Ligde kalmak bizim maksad\u0131m\u0131z. Kendi maksad\u0131m\u0131z haricinde bir \u015fey d\u00fc\u015f\u00fcnemeyiz. Galatasaray da \u015fampiyon olabilir Fenerbah\u00e7e de. Bu bizim umurumuzda de\u011fil. <\/strong><\/p>\n<p><strong>Fenerbah\u00e7e ma\u00e7\u0131nda nas\u0131lsa puan kayb\u0131 olur diye bu t\u00fcrl\u00fc bir harekette elbette bulunmad\u0131k. Kayserispor formas\u0131n\u0131 giyen b\u00fct\u00fcn karde\u015flerimiz, birinci 11&#8217;e \u00e7\u0131kan da \u00e7\u0131kmayan da birebir \u00f6l\u00e7\u00fcde k\u0131ymetlidir. <\/strong><\/p>\n<p><strong>Ma\u00e7 0-0&#8217;la ve 11 bireyle ba\u015fl\u0131yor. Fenerbah\u00e7e&#8217;nin de kazanma talihi var, bizim de. Hasebiyle, b\u00fcy\u00fck ekiplerin ortas\u0131nda her hafta oynanan pinpon topu muamelesi g\u00f6rmek istemiyoruz, Anadolu kadrolar\u0131 olarak buna kar\u015f\u0131y\u0131z. Kentimiz i\u00e7in bu ma\u00e7lar \u00e7ok de\u011ferli. Lay\u0131k\u0131yla \u00e7\u0131k\u0131p ma\u00e7\u0131m\u0131z\u0131 oynayaca\u011f\u0131z.\u00a0<br \/><\/strong><br \/><strong>&#8220;B\u0130Z\u0130 BUNDAN \u00d6TEK\u0130 B\u0130R \u015eEY \u0130LG\u0130LEND\u0130RM\u0130YOR&#8221;<\/strong><\/p>\n<p> <strong>&#8220;5 oyuncumuz daha sar\u0131 kart ceza hududunda. Biz bunu bu t\u00fcrl\u00fc d\u00fc\u015f\u00fcnemeyiz. Her oyuncumuz her ma\u00e7ta bize laz\u0131m. Bizi Kayserispor&#8217;dan di\u011fer hi\u00e7bir \u015fey ilgilendirmiyor. <\/strong><\/p>\n<p><strong>3 y\u0131ld\u0131r transfer tahtas\u0131 kapal\u0131 olan bir kadrodan bahsediyoruz. \u0130lerleyen g\u00fcnlerde Kayserispor lay\u0131k oldu\u011fu yerlere gelecektir.&#8221;<\/strong>\u00a0ifadelerini kulland\u0131.<\/p>\n<p><strong>&#8220;1 PUANI KABUL EDEMEY\u0130Z&#8221;<\/strong><\/p>\n<p>Oynanacak Fenerbah\u00e7e ma\u00e7\u0131 hakk\u0131nda konu\u015fan Kayserispor Ba\u015fkan\u0131, <strong>&#8220;Hi\u00e7 ma\u00e7a \u00e7\u0131kmadan 1 puan\u0131 kabul edemeyiz, 3 ihtimalli bir oyun i\u00e7erisindeyiz ve kadromuz \u00e7ok ho\u015f bir bi\u00e7imde ma\u00e7a haz\u0131rland\u0131. Bizim \u00f6zverili bir oyuncu k\u00fcmemiz ve teknik grubumuz var. Bu t\u00fcrl\u00fc d\u00fc\u015f\u00fcnmek oyuncular\u0131m\u0131za haks\u0131zl\u0131k olur.&#8221;<\/strong> a\u00e7\u0131klamas\u0131n\u0131 yapt\u0131.\u00a0<\/p>\n<p><strong>KAYSER\u0130SPOR&#8217;UN DURSUN \u00d6ZBEK&#8217;\u0130N OTEL\u0130NDE KALMASI\u00a0<\/strong><\/p>\n<p>Dursun \u00d6zbek&#8217;in otelinde kalmalar\u0131yla ilgili konu\u015fan A\u00e7\u0131kal\u0131n, <strong>&#8220;Bu b\u00fcsb\u00fct\u00fcn operasyonel bir durum. Bu otelle olan ilgimizle alakal\u0131 bir durum. Bu otelde paras\u0131z kalm\u0131yoruz, paras\u0131n\u0131 vererek kal\u0131yoruz. \u00d6k\u00fcz alt\u0131nda buza\u011f\u0131 aramayal\u0131m. Kayserispor bu t\u00fcrl\u00fc dedikodular\u0131n aleti olmayacak kadar b\u00fcy\u00fck bir topluluktur. &#8221; <\/strong>s\u00f6zlerini sarf etti.<\/p>\n<\/div>\n<p><\/p>\n","protected":false},"excerpt":{"rendered":"<p>Kayserispor Lideri Nurettin A\u00e7\u0131kal\u0131n, ligde kar\u015f\u0131la\u015facaklar\u0131 Fenerbah\u00e7e ma\u00e7\u0131 \u00f6ncesi Ekol TV&#8217;ye a\u00e7\u0131klamalarda bulundu.<\/p>\n","protected":false},"author":1,"featured_media":44702,"comment_status":"open","ping_status":"open","sticky":false,"template":"","format":"standard","meta":{"footnotes":""},"categories":[10],"tags":[909,115,164,50,43],"class_list":["post-44701","post","type-post","status-publish","format-standard","has-post-thumbnail","hentry","category-basketbol","tag-bizim","tag-fenerbahce","tag-kayserispor","tag-mac","tag-oyun"],"_links":{"self":[{"href":"https:\/\/haberbesiktas.tr\/index.php?rest_route=\/wp\/v2\/posts\/44701","targetHints":{"allow":["GET"]}}],"collection":[{"href":"https:\/\/haberbesiktas.tr\/index.php?rest_route=\/wp\/v2\/posts"}],"about":[{"href":"https:\/\/haberbesiktas.tr\/index.php?rest_route=\/wp\/v2\/types\/post"}],"author":[{"embeddable":true,"href":"https:\/\/haberbesiktas.tr\/index.php?rest_route=\/wp\/v2\/users\/1"}],"replies":[{"embeddable":true,"href":"https:\/\/haberbesiktas.tr\/index.php?rest_route=%2Fwp%2Fv2%2Fcomments&post=44701"}],"version-history":[{"count":1,"href":"https:\/\/haberbesiktas.tr\/index.php?rest_route=\/wp\/v2\/posts\/44701\/revisions"}],"predecessor-version":[{"id":44703,"href":"https:\/\/haberbesiktas.tr\/index.php?rest_route=\/wp\/v2\/posts\/44701\/revisions\/44703"}],"wp:featuredmedia":[{"embeddable":true,"href":"https:\/\/haberbesiktas.tr\/index.php?rest_route=\/wp\/v2\/media\/44702"}],"wp:attachment":[{"href":"https:\/\/haberbesiktas.tr\/index.php?rest_route=%2Fwp%2Fv2%2Fmedia&parent=44701"}],"wp:term":[{"taxonomy":"category","embeddable":true,"href":"https:\/\/haberbesiktas.tr\/index.php?rest_route=%2Fwp%2Fv2%2Fcategories&post=44701"},{"taxonomy":"post_tag","embeddable":true,"href":"https:\/\/haberbesiktas.tr\/index.php?rest_route=%2Fwp%2Fv2%2Ftags&post=44701"}],"curies":[{"name":"wp","href":"https:\/\/api.w.org\/{rel}","templated":true}]}}