{"id":44704,"date":"2025-07-03T23:48:06","date_gmt":"2025-07-03T23:48:06","guid":{"rendered":"https:\/\/haberbesiktas.tr\/?p=44704"},"modified":"2025-07-03T23:48:06","modified_gmt":"2025-07-03T23:48:06","slug":"atletico-madrid-deplasmanda-son-dakikada-yikildi-2","status":"publish","type":"post","link":"https:\/\/haberbesiktas.tr\/?p=44704","title":{"rendered":"Atletico Madrid, deplasmanda son dakikada y\u0131k\u0131ld\u0131!"},"content":{"rendered":"<div>\u0130spanya LaLiga&#8217;n\u0131n 32. haftas\u0131nda Atletico Madrid, deplasmanda Las Palmas&#8217;a konuk oldu.<\/p>\n<p>Gran Canaria&#8217;da oynanan \u00e7abay\u0131 konut sahibi tak\u0131m Las Palmas 90+3&#8217;de buldu\u011fu gol ile 1-0 kazand\u0131.<\/p>\n<p>Las Palmas&#8217;a galibiyeti getiren gol\u00fc Javier Munoz kaydetti.<\/p>\n<p><strong>MA\u00c7TAN SONRA OLU\u015eAN DURUM<\/strong><\/p>\n<p>Bu sonu\u00e7la birlikte Atletico Madrid 3 ma\u00e7 ortan\u0131n akabinde yenilerek 63 puanla 3. s\u0131rada yer ald\u0131.<\/p>\n<p>Las Palmas, ald\u0131\u011f\u0131 galibiyet ile 32 puana ula\u015farak k\u00fcme d\u00fc\u015fme s\u0131n\u0131r\u0131ndan \u00e7\u0131kt\u0131 ve 17 s\u0131rada yer ald\u0131.<\/p>\n<p>Gelecek hafta Atletico Madrid, alan\u0131nda Rayo Vallecano&#8217;yu konuk edecek.\u00a0<\/p>\n<p>Las Palmas, Athletic Bilbao deplasman\u0131nda olacak.<\/p><\/div>\n<p><\/p>\n","protected":false},"excerpt":{"rendered":"<p>\u0130spanya LaLiga&#8217;n\u0131n 32. haftas\u0131nda Atletico Madrid, deplasmanda Las Palmas&#8217;a 1-0 ma\u011flup oldu.<\/p>\n","protected":false},"author":1,"featured_media":44705,"comment_status":"open","ping_status":"open","sticky":false,"template":"","format":"standard","meta":{"footnotes":""},"categories":[10],"tags":[621],"class_list":["post-44704","post","type-post","status-publish","format-standard","has-post-thumbnail","hentry","category-basketbol","tag-las-palmas"],"_links":{"self":[{"href":"https:\/\/haberbesiktas.tr\/index.php?rest_route=\/wp\/v2\/posts\/44704","targetHints":{"allow":["GET"]}}],"collection":[{"href":"https:\/\/haberbesiktas.tr\/index.php?rest_route=\/wp\/v2\/posts"}],"about":[{"href":"https:\/\/haberbesiktas.tr\/index.php?rest_route=\/wp\/v2\/types\/post"}],"author":[{"embeddable":true,"href":"https:\/\/haberbesiktas.tr\/index.php?rest_route=\/wp\/v2\/users\/1"}],"replies":[{"embeddable":true,"href":"https:\/\/haberbesiktas.tr\/index.php?rest_route=%2Fwp%2Fv2%2Fcomments&post=44704"}],"version-history":[{"count":1,"href":"https:\/\/haberbesiktas.tr\/index.php?rest_route=\/wp\/v2\/posts\/44704\/revisions"}],"predecessor-version":[{"id":44706,"href":"https:\/\/haberbesiktas.tr\/index.php?rest_route=\/wp\/v2\/posts\/44704\/revisions\/44706"}],"wp:featuredmedia":[{"embeddable":true,"href":"https:\/\/haberbesiktas.tr\/index.php?rest_route=\/wp\/v2\/media\/44705"}],"wp:attachment":[{"href":"https:\/\/haberbesiktas.tr\/index.php?rest_route=%2Fwp%2Fv2%2Fmedia&parent=44704"}],"wp:term":[{"taxonomy":"category","embeddable":true,"href":"https:\/\/haberbesiktas.tr\/index.php?rest_route=%2Fwp%2Fv2%2Fcategories&post=44704"},{"taxonomy":"post_tag","embeddable":true,"href":"https:\/\/haberbesiktas.tr\/index.php?rest_route=%2Fwp%2Fv2%2Ftags&post=44704"}],"curies":[{"name":"wp","href":"https:\/\/api.w.org\/{rel}","templated":true}]}}