{"id":44707,"date":"2025-07-04T00:00:09","date_gmt":"2025-07-04T00:00:09","guid":{"rendered":"https:\/\/haberbesiktas.tr\/?p=44707"},"modified":"2025-07-04T00:00:09","modified_gmt":"2025-07-04T00:00:09","slug":"immobileden-gece-yarisi-mesaj-2","status":"publish","type":"post","link":"https:\/\/haberbesiktas.tr\/?p=44707","title":{"rendered":"Immobile&#8217;den gece yar\u0131s\u0131 mesaj!"},"content":{"rendered":"<div>Be\u015fikta\u015f formas\u0131 giyen Ciro Immobile, toplumsal medya hesab\u0131ndan dikkat \u00e7eken bir a\u00e7\u0131klamada bulundu.<\/p>\n<p> Be\u015fikta\u015f Ba\u015fkan\u0131 Serdal Adal\u0131, hafta i\u00e7inde kat\u0131ld\u0131\u011f\u0131 canl\u0131 yay\u0131nda \u0130talyan futbolcunun d\u00f6nem sonunda ekipten ayr\u0131labilece\u011fini s\u00f6ylemi\u015fti.<\/p>\n<p><strong>SOSYAL MEDYADAN A\u00c7IKLAMA<\/strong><\/p>\n<p> Immobile ise daha sonra toplumsal medya hesab\u0131ndan bir a\u00e7\u0131klama yapt\u0131.<\/p>\n<p> Be\u015fikta\u015f&#8217;\u0131n \u0130talyan golc\u00fcs\u00fc Ciro Immobile, siyah-beyazl\u0131 formayla ligde kalan haftalarda ve gelecek d\u00f6nem gayret etmek i\u00e7in motive oldu\u011funu a\u00e7\u0131klad\u0131.<\/p>\n<p> Ferd\u00ee toplumsal medya hesab\u0131ndan payla\u015f\u0131mda bulunan 35 ya\u015f\u0131ndaki santrfor, Be\u015fikta\u015f formas\u0131n\u0131n kendisi i\u00e7in \u00e7ok b\u00fcy\u00fck bir mana ta\u015f\u0131d\u0131\u011f\u0131n\u0131 belirterek, &#8220;Ge\u00e7ti\u011fimiz temmuz ay\u0131nda b\u00fcy\u00fck bir heyecan ve memnunlukla \u0130stanbul&#8217;a geldim. D\u00f6nemin geri kalan k\u0131sm\u0131 i\u00e7in motiveyim ve gelecek y\u0131l ismine daha da motiveyim. B\u00f6ylesine esasl\u0131 ve sayg\u0131n bir kul\u00fcb\u00fcn kesimi olmak, her g\u00fcn bana ekstra motivasyon sa\u011fl\u0131yor. Tek iste\u011fim, Be\u015fikta\u015f i\u00e7in \u00e7aba etmek ve bu kutsal formay\u0131 en \u00e2l\u00e2 bi\u00e7imde temsil etmek.&#8221; s\u00f6zlerini kulland\u0131.<\/p>\n<p><strong>ALTIN AYAKKABI \u0130LE MESAJ<\/strong><\/p>\n<p> Bu geli\u015fmelerin akabinde \u0130talyan golc\u00fc, G\u00f6ztepe ma\u00e7\u0131n\u0131 yedek kul\u00fcbesinde tamamlad\u0131.<\/p>\n<p> Immobile, G\u00f6ztepe ma\u00e7\u0131n\u0131n akabinde toplumsal medyadan yapt\u0131\u011f\u0131 a\u00e7\u0131klamada, Alt\u0131n Ayakkab\u0131 ile foto\u011fraf\u0131n\u0131 payla\u015ft\u0131. Immobile, bu payla\u015f\u0131m\u0131nda, &#8220;Telefon, bu m\u00fccevheri an\u0131lardan \u00e7\u0131kard\u0131.&#8221; s\u00f6zlerini kulland\u0131.<\/p>\n<p> Bu d\u00f6nem siyah-beyazl\u0131 formayla t\u00fcm kulvarlarda 36 ma\u00e7a \u00e7\u0131kan Immobile, 15 gol, 3 asistlik performans sergiledi.<\/p>\n<p><img decoding=\"async\" src=\"https:\/\/haberbesiktas.tr\/wp-content\/uploads\/2025\/07\/immobileden-gece-yarisi-mesaj-0-LTQgkCBe.jpg\"\/><\/p>\n<\/div>\n<p><\/p>\n","protected":false},"excerpt":{"rendered":"<p>Be\u015fikta\u015f&#8217;\u0131n G\u00f6ztepe ile oynad\u0131\u011f\u0131 ma\u00e7\u0131 yedek kul\u00fcbesinde tamamlayan Ciro Immobile, toplumsal medya hesab\u0131ndan dikkat \u00e7eken bir payla\u015f\u0131mda bulundu. Alt\u0131n Ayakkab\u0131 m\u00fckafat\u0131 ile foto\u011fraf\u0131n\u0131 payla\u015fan tecr\u00fcbeli futbolcu, &#8220;Telefon, bu m\u00fccevheri an\u0131lardan \u00e7\u0131kard\u0131.&#8221; tabirlerini kulland\u0131.<\/p>\n","protected":false},"author":1,"featured_media":44708,"comment_status":"open","ping_status":"open","sticky":false,"template":"","format":"standard","meta":{"footnotes":""},"categories":[10],"tags":[71,2368,1688],"class_list":["post-44707","post","type-post","status-publish","format-standard","has-post-thumbnail","hentry","category-basketbol","tag-besiktas","tag-immobile","tag-sosyal-medya"],"_links":{"self":[{"href":"https:\/\/haberbesiktas.tr\/index.php?rest_route=\/wp\/v2\/posts\/44707","targetHints":{"allow":["GET"]}}],"collection":[{"href":"https:\/\/haberbesiktas.tr\/index.php?rest_route=\/wp\/v2\/posts"}],"about":[{"href":"https:\/\/haberbesiktas.tr\/index.php?rest_route=\/wp\/v2\/types\/post"}],"author":[{"embeddable":true,"href":"https:\/\/haberbesiktas.tr\/index.php?rest_route=\/wp\/v2\/users\/1"}],"replies":[{"embeddable":true,"href":"https:\/\/haberbesiktas.tr\/index.php?rest_route=%2Fwp%2Fv2%2Fcomments&post=44707"}],"version-history":[{"count":1,"href":"https:\/\/haberbesiktas.tr\/index.php?rest_route=\/wp\/v2\/posts\/44707\/revisions"}],"predecessor-version":[{"id":44710,"href":"https:\/\/haberbesiktas.tr\/index.php?rest_route=\/wp\/v2\/posts\/44707\/revisions\/44710"}],"wp:featuredmedia":[{"embeddable":true,"href":"https:\/\/haberbesiktas.tr\/index.php?rest_route=\/wp\/v2\/media\/44708"}],"wp:attachment":[{"href":"https:\/\/haberbesiktas.tr\/index.php?rest_route=%2Fwp%2Fv2%2Fmedia&parent=44707"}],"wp:term":[{"taxonomy":"category","embeddable":true,"href":"https:\/\/haberbesiktas.tr\/index.php?rest_route=%2Fwp%2Fv2%2Fcategories&post=44707"},{"taxonomy":"post_tag","embeddable":true,"href":"https:\/\/haberbesiktas.tr\/index.php?rest_route=%2Fwp%2Fv2%2Ftags&post=44707"}],"curies":[{"name":"wp","href":"https:\/\/api.w.org\/{rel}","templated":true}]}}