{"id":44759,"date":"2025-07-04T03:12:07","date_gmt":"2025-07-04T03:12:07","guid":{"rendered":"https:\/\/haberbesiktas.tr\/?p=44759"},"modified":"2025-07-04T03:12:07","modified_gmt":"2025-07-04T03:12:07","slug":"diego-carlos-kadroya-donuyor","status":"publish","type":"post","link":"https:\/\/haberbesiktas.tr\/?p=44759","title":{"rendered":"Diego Carlos kadroya d\u00f6n\u00fcyor!"},"content":{"rendered":"<div>Fenerbah\u00e7e&#8217;nin devre ortas\u0131nda tak\u0131m\u0131na dahil etti\u011fi lakin sakatl\u0131\u011f\u0131 nedeniyle formas\u0131na hasret kalan Diego Carlos&#8217;un alanlara d\u00f6nmesi bekleniyor.<\/p>\n<p>Sercan Hamzao\u011flu&#8217;nun haberine nazaran Brezilyal\u0131 oyuncu,\u00a0sakatl\u0131\u011f\u0131n\u0131n akabinde Kayserispor ma\u00e7\u0131nda birinci sefer ma\u00e7 tak\u0131m\u0131na girecek. <\/p>\n<p>Carlos son olarak, sakatland\u0131\u011f\u0131 ma\u00e7ta 5 \u015eubat&#8217;ta forma giymi\u015fti. Brezilyal\u0131 stoper 2.5 ay sonra yine ma\u00e7 tak\u0131m\u0131na dahil edildi. M\u00fchlet al\u0131p almayaca\u011f\u0131na Mourinho karar verecek. <\/p>\n<div><strong>PERFORMANSI<\/strong><\/p>\n<p>Diego Carlos, Fenerbah\u00e7e&#8217;ye transfer olmas\u0131ndan bu yana 1&#8217;i T\u00fcrkiye Kupas\u0131 olmak \u00fczere 3 ma\u00e7ta m\u00fcddet ald\u0131 ve toplamda 89 dakika alanda kald\u0131.<\/p>\n<p>Carlos son olarak, sakatland\u0131\u011f\u0131 ma\u00e7ta 5 \u015eubat&#8217;ta forma giymi\u015fti. Brezilyal\u0131 stoper 2.5 ay sonra yine ma\u00e7 tak\u0131m\u0131na dahil edildi. M\u00fchlet al\u0131p almayaca\u011f\u0131na Mourinho karar verecek. <\/p>\n<div>\u00a0<\/div>\n<\/p><\/div>\n<\/div>\n<p><\/p>\n","protected":false},"excerpt":{"rendered":"<p>Fenerbah\u00e7e&#8217;nin devre ortas\u0131nda ekibe katt\u0131\u011f\u0131 lakin sakatl\u0131\u011f\u0131 sebebiyle fazla m\u00fcddet bulamayan oyuncusu Diego Carlos, Kayserispor ma\u00e7\u0131nda tak\u0131mda olacak.<\/p>\n","protected":false},"author":1,"featured_media":44760,"comment_status":"open","ping_status":"open","sticky":false,"template":"","format":"standard","meta":{"footnotes":""},"categories":[25],"tags":[50],"class_list":["post-44759","post","type-post","status-publish","format-standard","has-post-thumbnail","hentry","category-futbol","tag-mac"],"_links":{"self":[{"href":"https:\/\/haberbesiktas.tr\/index.php?rest_route=\/wp\/v2\/posts\/44759","targetHints":{"allow":["GET"]}}],"collection":[{"href":"https:\/\/haberbesiktas.tr\/index.php?rest_route=\/wp\/v2\/posts"}],"about":[{"href":"https:\/\/haberbesiktas.tr\/index.php?rest_route=\/wp\/v2\/types\/post"}],"author":[{"embeddable":true,"href":"https:\/\/haberbesiktas.tr\/index.php?rest_route=\/wp\/v2\/users\/1"}],"replies":[{"embeddable":true,"href":"https:\/\/haberbesiktas.tr\/index.php?rest_route=%2Fwp%2Fv2%2Fcomments&post=44759"}],"version-history":[{"count":1,"href":"https:\/\/haberbesiktas.tr\/index.php?rest_route=\/wp\/v2\/posts\/44759\/revisions"}],"predecessor-version":[{"id":44761,"href":"https:\/\/haberbesiktas.tr\/index.php?rest_route=\/wp\/v2\/posts\/44759\/revisions\/44761"}],"wp:featuredmedia":[{"embeddable":true,"href":"https:\/\/haberbesiktas.tr\/index.php?rest_route=\/wp\/v2\/media\/44760"}],"wp:attachment":[{"href":"https:\/\/haberbesiktas.tr\/index.php?rest_route=%2Fwp%2Fv2%2Fmedia&parent=44759"}],"wp:term":[{"taxonomy":"category","embeddable":true,"href":"https:\/\/haberbesiktas.tr\/index.php?rest_route=%2Fwp%2Fv2%2Fcategories&post=44759"},{"taxonomy":"post_tag","embeddable":true,"href":"https:\/\/haberbesiktas.tr\/index.php?rest_route=%2Fwp%2Fv2%2Ftags&post=44759"}],"curies":[{"name":"wp","href":"https:\/\/api.w.org\/{rel}","templated":true}]}}