{"id":44762,"date":"2025-07-04T03:24:08","date_gmt":"2025-07-04T03:24:08","guid":{"rendered":"https:\/\/haberbesiktas.tr\/?p=44762"},"modified":"2025-07-04T03:24:08","modified_gmt":"2025-07-04T03:24:08","slug":"galatasaraydan-lucas-torreira-karari","status":"publish","type":"post","link":"https:\/\/haberbesiktas.tr\/?p=44762","title":{"rendered":"Galatasaray&#8217;dan Lucas Torreira karar\u0131!"},"content":{"rendered":"<div>\u015eampiyonluk yolunda emin ad\u0131mlarla ilerleyen Galatasaray&#8217;da \u00f6teki yandan yeni d\u00f6nemin transfer \u00e7al\u0131\u015fmalar\u0131 ve tak\u0131m planlamalar\u0131 devam ediyor.<\/p>\n<p> <strong>Y\u00d6NET\u0130MDEN TORREIRA KARARI<\/strong><\/p>\n<p> Bodrum FK ma\u00e7\u0131nda kilidi a\u00e7an Lucas Torreira, Galatasaray&#8217;da en fazla skor katk\u0131s\u0131 yapt\u0131\u011f\u0131 d\u00f6nemi ya\u015f\u0131yor. Sar\u0131-k\u0131rm\u0131z\u0131l\u0131 teknik heyet ve idare, G\u00fcney Amerika&#8217;dan talipleri olan Uruguayl\u0131 dinamoyu ekipte tutma karar\u0131 ald\u0131. \u0130\u015fte ayr\u0131nt\u0131lar&#8230;<\/p>\n<p> Galatasaray&#8217;\u0131n istikrar abidesi olan Lucas Torreira, vatanda\u015f\u0131 Fernando Muslera&#8217;n\u0131n d\u00f6nem sonu kul\u00fcpten ayr\u0131lacak olmas\u0131ndan ve yak\u0131n arkada\u015f\u0131 Mauro \u0130cardi&#8217;nin tedavisi i\u00e7in 6 ay evvel Arjantin&#8217;e gitmesinden olumsuz etkilendi.<\/p>\n<p> <strong>G\u00dcNEY AMER\u0130KA&#8217;DAN \u00c2L\u00c2 TEKL\u0130F YOK<\/strong><\/p>\n<p> Bu s\u00fcre\u00e7te Boca Juniors&#8217;ta forma giyme hayalini s\u0131k\u00e7a lisana getiren deneyimli orta saha i\u00e7in ayr\u0131l\u0131k ihtimali g\u00fcndeme geldi. Lakin bonuslarla Galatasaray&#8217;da 4 milyon Euro&#8217;ya yak\u0131n kazanan y\u0131ld\u0131z oyuncuya bu paray\u0131 verebilecek bir G\u00fcney Amerika kadrosu bulunam\u0131yor.<\/p>\n<p> <strong>\u00dcCRET\u0130NDE G\u00dcZELLE\u015eT\u0130RME YAPILACAK<\/strong><\/p>\n<p> Sar\u0131-k\u0131rm\u0131z\u0131l\u0131lar, performans\u0131ndan mutlu oldu\u011fu Torreira&#8217;n\u0131n kalmas\u0131n\u0131 istiyor. 3 y\u0131l daha mukavelesi bulunan Torreira&#8217;n\u0131n fiyat\u0131na d\u00fczg\u00fcnle\u015ftirme yap\u0131lmas\u0131 g\u00fcndemde.<\/p>\n<p> <strong>\u0130ST\u0130KRAR AB\u0130DES\u0130<\/strong><\/p>\n<p> &#8211; 2022 yaz\u0131nda Arsenal&#8217;den 6 milyon Euro bonservisle transfer edildi.<\/p>\n<p> &#8211; Yakla\u015f\u0131k 3 d\u00f6nemde 123 ma\u00e7a \u00e7\u0131karken 4 gol at\u0131p, 8 asist ger\u00e7ekle\u015ftirdi.<\/p>\n<p> &#8211; Sakatl\u0131\u011f\u0131 ve cezas\u0131 nedeniyle yaln\u0131zca 11 ma\u00e7ta kadrosunu yaln\u0131z b\u0131rakt\u0131.<\/p>\n<p> &#8211; Bu sezonki 3 gol-6 asistlik performans\u0131yla 2018-19&#8217;da Arsenal&#8217;deki 3 gol-4 asistlik formunu a\u015ft\u0131 ve meslek rekoru k\u0131rd\u0131.<\/p>\n<p> &#8211; 13 milyon Euro&#8217;luk piyasa k\u0131ymetiyle Galatasaray&#8217;\u0131n en pahal\u0131 5. futbolcusu pozisyonunda.\u00a0<\/p>\n<div>\u00a0<\/div>\n<\/div>\n<p><\/p>\n","protected":false},"excerpt":{"rendered":"<p>\u015eampiyonluk yolunda emin ad\u0131mlarla ilerleyen Galatasaray&#8217;da birebir vakitte yeni d\u00f6nem i\u00e7in tak\u0131m planlamas\u0131 da a\u011f\u0131r bir halde devam ediyor. Sar\u0131-k\u0131rm\u0131z\u0131l\u0131 idare, kadronun istikrar abidesi olan Lucas Torreira i\u00e7in fla\u015f bir karar ald\u0131.<\/p>\n","protected":false},"author":1,"featured_media":44763,"comment_status":"open","ping_status":"open","sticky":false,"template":"","format":"standard","meta":{"footnotes":""},"categories":[25],"tags":[57],"class_list":["post-44762","post","type-post","status-publish","format-standard","has-post-thumbnail","hentry","category-futbol","tag-sezon"],"_links":{"self":[{"href":"https:\/\/haberbesiktas.tr\/index.php?rest_route=\/wp\/v2\/posts\/44762","targetHints":{"allow":["GET"]}}],"collection":[{"href":"https:\/\/haberbesiktas.tr\/index.php?rest_route=\/wp\/v2\/posts"}],"about":[{"href":"https:\/\/haberbesiktas.tr\/index.php?rest_route=\/wp\/v2\/types\/post"}],"author":[{"embeddable":true,"href":"https:\/\/haberbesiktas.tr\/index.php?rest_route=\/wp\/v2\/users\/1"}],"replies":[{"embeddable":true,"href":"https:\/\/haberbesiktas.tr\/index.php?rest_route=%2Fwp%2Fv2%2Fcomments&post=44762"}],"version-history":[{"count":1,"href":"https:\/\/haberbesiktas.tr\/index.php?rest_route=\/wp\/v2\/posts\/44762\/revisions"}],"predecessor-version":[{"id":44764,"href":"https:\/\/haberbesiktas.tr\/index.php?rest_route=\/wp\/v2\/posts\/44762\/revisions\/44764"}],"wp:featuredmedia":[{"embeddable":true,"href":"https:\/\/haberbesiktas.tr\/index.php?rest_route=\/wp\/v2\/media\/44763"}],"wp:attachment":[{"href":"https:\/\/haberbesiktas.tr\/index.php?rest_route=%2Fwp%2Fv2%2Fmedia&parent=44762"}],"wp:term":[{"taxonomy":"category","embeddable":true,"href":"https:\/\/haberbesiktas.tr\/index.php?rest_route=%2Fwp%2Fv2%2Fcategories&post=44762"},{"taxonomy":"post_tag","embeddable":true,"href":"https:\/\/haberbesiktas.tr\/index.php?rest_route=%2Fwp%2Fv2%2Ftags&post=44762"}],"curies":[{"name":"wp","href":"https:\/\/api.w.org\/{rel}","templated":true}]}}