{"id":44765,"date":"2025-07-04T03:36:06","date_gmt":"2025-07-04T03:36:06","guid":{"rendered":"https:\/\/haberbesiktas.tr\/?p=44765"},"modified":"2025-07-04T03:36:06","modified_gmt":"2025-07-04T03:36:06","slug":"real-madrid-taraftari-ardayi-birakamiyor","status":"publish","type":"post","link":"https:\/\/haberbesiktas.tr\/?p=44765","title":{"rendered":"Real Madrid taraftar\u0131, Arda&#8217;y\u0131 b\u0131rakam\u0131yor!"},"content":{"rendered":"<div>\u015eampiyonlar Ligi&#8217;nde Arsenal&#8217;a elenen Real Madrid&#8217;de sular durulmuyor. Kimi futbolcular ve teknik y\u00f6netici Carlo Ancelotti maksat tahtas\u0131na koyulurken taraftarlar, \u0130spanyol bas\u0131n\u0131ndan AS&#8217;\u0131n anketinde istenmeyen isimleri s\u0131ralad\u0131. <\/p>\n<p>54 bin 853 oy kullan\u0131l\u0131rken Jesus Vallejo, 40 bin 084 oyla bileti kesilen birinci isim olarak dikkat \u00e7ekti. Y\u00fczde 14&#8217;l\u00fck dilim, Lucas Vazquez ve David Alaba ile vedala\u015f\u0131lmas\u0131 gerekti\u011fini belirtti.<\/p>\n<p> <strong>ARDA SONUNCU OLDU<\/strong><\/p>\n<p>Vinicius Jr (%10) ile Ferland Mendy (%9) de listede yer ald\u0131. Kat\u0131lanlar\u0131n y\u00fczde 7&#8217;si Modric, y\u00fczde 5&#8217;i ise Tchouameni ile Fran Garcia se\u00e7iminde bulundu. Ulusal futbolcumuz Arda G\u00fcler&#8217;e ise 8 bin 296 oy kullanarak istenmeyenler listesinde sonuncu oldu.<\/p>\n<\/div>\n<p><\/p>\n","protected":false},"excerpt":{"rendered":"<p>\u015eampiyonlar Ligi&#8217;ne havlu atan Real Madrid&#8217;de futbolseverler, AS&#8217;\u0131n anketinde ulusal y\u0131ld\u0131z\u0131m\u0131z\u0131 8 bin 296 oyla g\u00f6nderilmesi gereken son oyuncu olarak g\u00f6sterdi. Tchouameni, Vinicius \u00fczere isimlerin bileti kesildi.<\/p>\n","protected":false},"author":1,"featured_media":44766,"comment_status":"open","ping_status":"open","sticky":false,"template":"","format":"standard","meta":{"footnotes":""},"categories":[25],"tags":[],"class_list":["post-44765","post","type-post","status-publish","format-standard","has-post-thumbnail","hentry","category-futbol"],"_links":{"self":[{"href":"https:\/\/haberbesiktas.tr\/index.php?rest_route=\/wp\/v2\/posts\/44765","targetHints":{"allow":["GET"]}}],"collection":[{"href":"https:\/\/haberbesiktas.tr\/index.php?rest_route=\/wp\/v2\/posts"}],"about":[{"href":"https:\/\/haberbesiktas.tr\/index.php?rest_route=\/wp\/v2\/types\/post"}],"author":[{"embeddable":true,"href":"https:\/\/haberbesiktas.tr\/index.php?rest_route=\/wp\/v2\/users\/1"}],"replies":[{"embeddable":true,"href":"https:\/\/haberbesiktas.tr\/index.php?rest_route=%2Fwp%2Fv2%2Fcomments&post=44765"}],"version-history":[{"count":1,"href":"https:\/\/haberbesiktas.tr\/index.php?rest_route=\/wp\/v2\/posts\/44765\/revisions"}],"predecessor-version":[{"id":44767,"href":"https:\/\/haberbesiktas.tr\/index.php?rest_route=\/wp\/v2\/posts\/44765\/revisions\/44767"}],"wp:featuredmedia":[{"embeddable":true,"href":"https:\/\/haberbesiktas.tr\/index.php?rest_route=\/wp\/v2\/media\/44766"}],"wp:attachment":[{"href":"https:\/\/haberbesiktas.tr\/index.php?rest_route=%2Fwp%2Fv2%2Fmedia&parent=44765"}],"wp:term":[{"taxonomy":"category","embeddable":true,"href":"https:\/\/haberbesiktas.tr\/index.php?rest_route=%2Fwp%2Fv2%2Fcategories&post=44765"},{"taxonomy":"post_tag","embeddable":true,"href":"https:\/\/haberbesiktas.tr\/index.php?rest_route=%2Fwp%2Fv2%2Ftags&post=44765"}],"curies":[{"name":"wp","href":"https:\/\/api.w.org\/{rel}","templated":true}]}}