{"id":44774,"date":"2025-07-04T04:00:07","date_gmt":"2025-07-04T04:00:07","guid":{"rendered":"https:\/\/haberbesiktas.tr\/?p=44774"},"modified":"2025-07-04T04:00:07","modified_gmt":"2025-07-04T04:00:07","slug":"okan-buruk-iki-kupayi-da-alacagiz","status":"publish","type":"post","link":"https:\/\/haberbesiktas.tr\/?p=44774","title":{"rendered":"Okan Buruk: &#8220;\u0130ki kupay\u0131 da alaca\u011f\u0131z&#8221;"},"content":{"rendered":"<div>Trendyol S\u00fcper Lig&#8217;de konutunda a\u011f\u0131rlad\u0131\u011f\u0131 Bodrum FK&#8217;y\u0131 2-0&#8217;l\u0131k net bir skorla ge\u00e7en Galatasaray, ma\u00e7 ziyadesiyle Fenerbah\u00e7e&#8217;nin 6 puan \u00f6n\u00fcnde tepedeki yerini sa\u011flamla\u015ft\u0131rd\u0131.<\/p>\n<p> 77 puana ula\u015fan Sar\u0131-K\u0131rm\u0131z\u0131l\u0131lar&#8217;da galibiyetin akabinde soyunma odas\u0131nda b\u00fcy\u00fck bir co\u015fku ya\u015fand\u0131. Ligde son 6 haftaya girilirken, \u015fampiyonluk inanc\u0131 kadrosu sarm\u0131\u015f durumda.<\/p>\n<p> Teknik y\u00f6netici Okan Buruk&#8217;un ma\u00e7 bitiminde oyuncular\u0131n\u0131 tek tek tebrik etti\u011fi ve soyunma odas\u0131nda moral a\u015f\u0131layan bir konu\u015fma yapt\u0131\u011f\u0131 ortaya \u00e7\u0131kt\u0131.<\/p>\n<p> <strong>&#8220;HEM L\u0130G HEM DE KUPA B\u0130Z\u0130M OLACAK&#8221;<\/strong><\/p>\n<p> Buruk&#8217;un futbolcular\u0131na,<strong> &#8220;Sahada \u015fahane bir performans sergilediniz ve taraftar\u0131m\u0131z\u0131 sevince bo\u011fdunuz. D\u00f6nem sonunda hem lig hem de kupa bizim olacak. Art\u0131k rotam\u0131z\u0131 T\u00fcrkiye Kupas\u0131&#8217;na \u00e7evirdik. Konyaspor&#8217;u eleyip finale ismimizi yazd\u0131rmal\u0131y\u0131z&#8221;<\/strong> tabirlerini kulland\u0131\u011f\u0131 \u00f6\u011frenildi.\u00a0<\/p>\n<div>\u00a0<\/div>\n<\/div>\n<p><\/p>\n","protected":false},"excerpt":{"rendered":"<p>S\u00fcper Lig&#8217;de kritik haftalara girilirken Bodrum FK&#8217;y\u0131 2-0 ma\u011flup eden Galatasaray, puan\u0131n\u0131 77&#8217;ye \u00e7\u0131kararak tepedeki yerini sa\u011flamla\u015ft\u0131rd\u0131. Galibiyet sonras\u0131 soyunma odas\u0131nda co\u015fkulu anlar ya\u015fan\u0131rken, teknik y\u00f6netici Okan Buruk&#8217;tan T\u00fcrkiye Kupas\u0131 vurgulu \u00f6zel bir konu\u015fma geldi.<\/p>\n","protected":false},"author":1,"featured_media":44775,"comment_status":"open","ping_status":"open","sticky":false,"template":"","format":"standard","meta":{"footnotes":""},"categories":[25],"tags":[],"class_list":["post-44774","post","type-post","status-publish","format-standard","has-post-thumbnail","hentry","category-futbol"],"_links":{"self":[{"href":"https:\/\/haberbesiktas.tr\/index.php?rest_route=\/wp\/v2\/posts\/44774","targetHints":{"allow":["GET"]}}],"collection":[{"href":"https:\/\/haberbesiktas.tr\/index.php?rest_route=\/wp\/v2\/posts"}],"about":[{"href":"https:\/\/haberbesiktas.tr\/index.php?rest_route=\/wp\/v2\/types\/post"}],"author":[{"embeddable":true,"href":"https:\/\/haberbesiktas.tr\/index.php?rest_route=\/wp\/v2\/users\/1"}],"replies":[{"embeddable":true,"href":"https:\/\/haberbesiktas.tr\/index.php?rest_route=%2Fwp%2Fv2%2Fcomments&post=44774"}],"version-history":[{"count":1,"href":"https:\/\/haberbesiktas.tr\/index.php?rest_route=\/wp\/v2\/posts\/44774\/revisions"}],"predecessor-version":[{"id":44776,"href":"https:\/\/haberbesiktas.tr\/index.php?rest_route=\/wp\/v2\/posts\/44774\/revisions\/44776"}],"wp:featuredmedia":[{"embeddable":true,"href":"https:\/\/haberbesiktas.tr\/index.php?rest_route=\/wp\/v2\/media\/44775"}],"wp:attachment":[{"href":"https:\/\/haberbesiktas.tr\/index.php?rest_route=%2Fwp%2Fv2%2Fmedia&parent=44774"}],"wp:term":[{"taxonomy":"category","embeddable":true,"href":"https:\/\/haberbesiktas.tr\/index.php?rest_route=%2Fwp%2Fv2%2Fcategories&post=44774"},{"taxonomy":"post_tag","embeddable":true,"href":"https:\/\/haberbesiktas.tr\/index.php?rest_route=%2Fwp%2Fv2%2Ftags&post=44774"}],"curies":[{"name":"wp","href":"https:\/\/api.w.org\/{rel}","templated":true}]}}