{"id":44786,"date":"2025-07-04T04:48:09","date_gmt":"2025-07-04T04:48:09","guid":{"rendered":"https:\/\/haberbesiktas.tr\/?p=44786"},"modified":"2025-07-04T04:48:09","modified_gmt":"2025-07-04T04:48:09","slug":"galatasarayin-sampiyonluk-hamlesi-eren-lemina","status":"publish","type":"post","link":"https:\/\/haberbesiktas.tr\/?p=44786","title":{"rendered":"Galatasaray&#8217;\u0131n \u015fampiyonluk hamlesi: Eren &#038; Lemina"},"content":{"rendered":"<div>Galatasaray, orta transferde tak\u0131m\u0131na katt\u0131\u011f\u0131 Eren Elmal\u0131 ve Mario Lemina&#8217;dan azam\u00ee katk\u0131 al\u0131yor.<\/p>\n<p> Sol bekteki sorunu kal\u0131c\u0131 olarak \u00e7\u00f6zen Eren, g\u00fczelle\u015fmesine kar\u015f\u0131n Ismail Jakobs&#8217;a formay\u0131 b\u0131rakmad\u0131. Ulusal sol bek, savunmada yan\u0131nda oynayan Abd\u00fclkerim Bardakc\u0131 ile de fevkalade ahenk yakalad\u0131 ve Galatasaray&#8217;\u0131n gol yeme sorunu \u00e7\u00f6z\u00fcld\u00fc.<\/p>\n<p> Yorulan Dries Mertens&#8217;ten vazge\u00e7en Okan Buruk&#8217;un imdad\u0131na Lemina yeti\u015fti. Gabonlu oyuncuyu \u00f6n liberoya \u00e7eken Buruk; Lucas Torreira&#8217;y\u0131 8 numarada ve Gabriel Sara&#8217;y\u0131 \u00f6n tarafta kullanmaya ba\u015flad\u0131.<\/p>\n<p> Bu \u00fc\u00e7l\u00fc orta saha ile daha sa\u011flam oynayan Cimbom, gol yemeden kazan\u0131yor ve \u015fampiyonlu\u011fa yakla\u015f\u0131yor. Lemina&#8217;n\u0131n gruba girmesiyle Torreira tekrar form tuttu.\u00a0<\/p>\n<div>\u00a0<\/div>\n<\/div>\n<p><\/p>\n","protected":false},"excerpt":{"rendered":"<p>Galatasaray&#8217;a orta transfer periyodunda kat\u0131lan Eren Elmal\u0131 ve Mario Lemina, ila\u00e7 \u00fczere geldi.<\/p>\n","protected":false},"author":1,"featured_media":44787,"comment_status":"open","ping_status":"open","sticky":false,"template":"","format":"standard","meta":{"footnotes":""},"categories":[25],"tags":[],"class_list":["post-44786","post","type-post","status-publish","format-standard","has-post-thumbnail","hentry","category-futbol"],"_links":{"self":[{"href":"https:\/\/haberbesiktas.tr\/index.php?rest_route=\/wp\/v2\/posts\/44786","targetHints":{"allow":["GET"]}}],"collection":[{"href":"https:\/\/haberbesiktas.tr\/index.php?rest_route=\/wp\/v2\/posts"}],"about":[{"href":"https:\/\/haberbesiktas.tr\/index.php?rest_route=\/wp\/v2\/types\/post"}],"author":[{"embeddable":true,"href":"https:\/\/haberbesiktas.tr\/index.php?rest_route=\/wp\/v2\/users\/1"}],"replies":[{"embeddable":true,"href":"https:\/\/haberbesiktas.tr\/index.php?rest_route=%2Fwp%2Fv2%2Fcomments&post=44786"}],"version-history":[{"count":1,"href":"https:\/\/haberbesiktas.tr\/index.php?rest_route=\/wp\/v2\/posts\/44786\/revisions"}],"predecessor-version":[{"id":44788,"href":"https:\/\/haberbesiktas.tr\/index.php?rest_route=\/wp\/v2\/posts\/44786\/revisions\/44788"}],"wp:featuredmedia":[{"embeddable":true,"href":"https:\/\/haberbesiktas.tr\/index.php?rest_route=\/wp\/v2\/media\/44787"}],"wp:attachment":[{"href":"https:\/\/haberbesiktas.tr\/index.php?rest_route=%2Fwp%2Fv2%2Fmedia&parent=44786"}],"wp:term":[{"taxonomy":"category","embeddable":true,"href":"https:\/\/haberbesiktas.tr\/index.php?rest_route=%2Fwp%2Fv2%2Fcategories&post=44786"},{"taxonomy":"post_tag","embeddable":true,"href":"https:\/\/haberbesiktas.tr\/index.php?rest_route=%2Fwp%2Fv2%2Ftags&post=44786"}],"curies":[{"name":"wp","href":"https:\/\/api.w.org\/{rel}","templated":true}]}}