{"id":44789,"date":"2025-07-04T05:00:08","date_gmt":"2025-07-04T05:00:08","guid":{"rendered":"https:\/\/haberbesiktas.tr\/?p=44789"},"modified":"2025-07-04T05:00:08","modified_gmt":"2025-07-04T05:00:08","slug":"icardi-sevincine-kirmizi-kart","status":"publish","type":"post","link":"https:\/\/haberbesiktas.tr\/?p=44789","title":{"rendered":"\u0130cardi sevincine k\u0131rm\u0131z\u0131 kart!"},"content":{"rendered":"<div>Brezilya Serie B&#8217;nin 3. haftas\u0131nda oynanan Goias \u2013 Vila Nova m\u00fcsabakas\u0131, yaln\u0131zca golleriyle de\u011fil, son dakikalarda ya\u015fanan de\u011fi\u015fik olayla da g\u00fcndeme damga vurdu. <\/p>\n<p>Ma\u00e7ta 27. dakikada Arthur Caike ile \u00f6ne ge\u00e7en Goias, 41. dakikada Facundo Castro&#8217;nun gol\u00fcne mani olamay\u0131nca devre 1-1 e\u015fitlikle tamamland\u0131. \u0130kinci yar\u0131da ise heyecan daha da artt\u0131. 66. dakikada Messias&#8217;\u0131n gol\u00fcyle yine \u00f6ne ge\u00e7en konut sahibi grup, \u00fcst\u00fcnl\u00fc\u011f\u00fcn\u00fc koruyamad\u0131. 89. dakikada Arilson&#8217;un att\u0131\u011f\u0131 golle skora istikrar geldi.<\/p>\n<p><img decoding=\"async\" src=\"https:\/\/haberbesiktas.tr\/wp-content\/uploads\/2025\/07\/icardi-sevincine-kirmizi-kart-0-eVCWgeCc.jpg\"\/><\/p>\n<p> <strong>ICARDI SEV\u0130NC\u0130NE KIRMIZI KART!<\/strong><\/p>\n<p> Fakat ma\u00e7\u0131n en \u00e7ok konu\u015fulan an\u0131, Arilson&#8217;un gol\u00fcnden sonra ya\u015fand\u0131. Gol\u00fcn akabinde Vila Nova&#8217;dan Elias, sevincini Mauro Icardi stilinde, ellerini kulaklar\u0131na g\u00f6t\u00fcrerek kutlad\u0131. Bu hareketi trib\u00fcnleri tahrik edici buldu\u011fu gerek\u00e7esiyle k\u0131ymetlendiren hakem, Elias&#8217;a ikinci sar\u0131 karttan k\u0131rm\u0131z\u0131 kart g\u00f6sterdi.<\/p>\n<p> 25 ya\u015f\u0131ndaki oyuncunun oyun d\u0131\u015f\u0131nda kalmas\u0131 Brezilya futbol kamuoyunda b\u00fcy\u00fck yank\u0131 uyand\u0131rd\u0131. Bir\u00e7ok spor otoritesi ve taraftar, hakemin karar\u0131n\u0131n \u00e7ok oldu\u011funu savunarak bu \u00e7e\u015fit kutlamalar\u0131n oyunun tabiat\u0131nda bulundu\u011funu lisana getirdi.<\/p>\n<\/div>\n<p><\/p>\n","protected":false},"excerpt":{"rendered":"<p>Brezilya Serie B&#8217;de kar\u015f\u0131 kar\u015f\u0131ya gelen Goias ve Vila Nova tak\u0131mlar\u0131ndan Vila Nova futbolcusu Elias, ekibinin att\u0131\u011f\u0131 golden sonra t\u0131pk\u0131 elini kulaklar\u0131na g\u00f6t\u00fcrerek gol\u00fc kutlad\u0131 lakin k\u0131rm\u0131z\u0131 kart g\u00f6rd\u00fc.<\/p>\n","protected":false},"author":1,"featured_media":44790,"comment_status":"open","ping_status":"open","sticky":false,"template":"","format":"standard","meta":{"footnotes":""},"categories":[25],"tags":[],"class_list":["post-44789","post","type-post","status-publish","format-standard","has-post-thumbnail","hentry","category-futbol"],"_links":{"self":[{"href":"https:\/\/haberbesiktas.tr\/index.php?rest_route=\/wp\/v2\/posts\/44789","targetHints":{"allow":["GET"]}}],"collection":[{"href":"https:\/\/haberbesiktas.tr\/index.php?rest_route=\/wp\/v2\/posts"}],"about":[{"href":"https:\/\/haberbesiktas.tr\/index.php?rest_route=\/wp\/v2\/types\/post"}],"author":[{"embeddable":true,"href":"https:\/\/haberbesiktas.tr\/index.php?rest_route=\/wp\/v2\/users\/1"}],"replies":[{"embeddable":true,"href":"https:\/\/haberbesiktas.tr\/index.php?rest_route=%2Fwp%2Fv2%2Fcomments&post=44789"}],"version-history":[{"count":1,"href":"https:\/\/haberbesiktas.tr\/index.php?rest_route=\/wp\/v2\/posts\/44789\/revisions"}],"predecessor-version":[{"id":44792,"href":"https:\/\/haberbesiktas.tr\/index.php?rest_route=\/wp\/v2\/posts\/44789\/revisions\/44792"}],"wp:featuredmedia":[{"embeddable":true,"href":"https:\/\/haberbesiktas.tr\/index.php?rest_route=\/wp\/v2\/media\/44790"}],"wp:attachment":[{"href":"https:\/\/haberbesiktas.tr\/index.php?rest_route=%2Fwp%2Fv2%2Fmedia&parent=44789"}],"wp:term":[{"taxonomy":"category","embeddable":true,"href":"https:\/\/haberbesiktas.tr\/index.php?rest_route=%2Fwp%2Fv2%2Fcategories&post=44789"},{"taxonomy":"post_tag","embeddable":true,"href":"https:\/\/haberbesiktas.tr\/index.php?rest_route=%2Fwp%2Fv2%2Ftags&post=44789"}],"curies":[{"name":"wp","href":"https:\/\/api.w.org\/{rel}","templated":true}]}}