{"id":44839,"date":"2025-07-04T08:12:10","date_gmt":"2025-07-04T08:12:10","guid":{"rendered":"https:\/\/haberbesiktas.tr\/?p=44839"},"modified":"2025-07-04T08:12:10","modified_gmt":"2025-07-04T08:12:10","slug":"igdir-fkde-hedef-ust-uste-galibiyetlerle-play-offta-yer-almak","status":"publish","type":"post","link":"https:\/\/haberbesiktas.tr\/?p=44839","title":{"rendered":"I\u011fd\u0131r FK&#8217;de hedef \u00fcst \u00fcste galibiyetlerle play-off&#8217;ta yer almak"},"content":{"rendered":"<div>Trendyol 1. Lig gruplar\u0131ndan Alag\u00f6z Holding I\u011fd\u0131r FK, ola\u011fan d\u00f6nemin son k\u0131sm\u0131nda \u00fcst \u00fcste galibiyetler al\u0131p play-off&#8217;ta gayret etmeyi hedefliyor.<\/p>\n<p> Ligin 35. haftas\u0131nda yar\u0131n Sakaryaspor&#8217;u konuk edecek Alag\u00f6z Holding I\u011fd\u0131r FK, m\u00fcsabakadan 3 puanla ayr\u0131lmak i\u00e7in a\u011f\u0131r tempoyla \u00e7al\u0131\u015fmalar\u0131n\u0131 s\u00fcrd\u00fcr\u00fcyor.<\/p>\n<p> Teknik y\u00f6netici \u00c7a\u011fda\u015f \u00c7avu\u015f&#8217;un vazifeye geli\u015fiyle yakalad\u0131\u011f\u0131 muvaffakiyet \u00e7izgisini s\u00fcrd\u00fcrmeyi hedefleyen I\u011fd\u0131r FK, Sakaryaspor ma\u00e7\u0131nda 3 puan al\u0131p puan\u0131n\u0131 52 yaparak y\u00fckseli\u015fini s\u00fcrd\u00fcrmek istiyor.<\/p>\n<p> 3. ve 2. Lig&#8217;den de play-off&#8217;larla 1. Lig&#8217;e \u00e7\u0131kan I\u011fd\u0131r tak\u0131m\u0131, yeniden play-off&#8217;a kalarak S\u00fcper Lig i\u00e7in gayret vermeyi planl\u0131yor.<\/p>\n<p> <strong>Al\u0131nacak puanla yerlerini netle\u015ftirmek istiyorlar<\/strong><\/p>\n<p> Teknik y\u00f6netici \u00c7a\u011fda\u015f \u00c7avu\u015f, AA muhabirine, misyona geldi\u011fi g\u00fcnden bu yana kadronun durumunun d\u00fczg\u00fcne gitti\u011fini s\u00f6yledi.<\/p>\n<p> Genel durumu k\u0131ymetlendiren \u00c7avu\u015f, &#8220;Oynad\u0131\u011f\u0131m\u0131z 12 ma\u00e7 ve bu ma\u00e7lar\u0131n i\u00e7indeki yenilgimizin ve puan kayb\u0131m\u0131z\u0131n oldu\u011fu noktada d\u0131\u015fsal etkenler \u00e7ok fazla neden olmu\u015ftu. Bu s\u00fcrece kadar olan k\u0131s\u0131mdan mutluyum. Yaln\u0131zca birka\u00e7 ma\u00e7ta galibiyeti alabilece\u011fimiz, bizi \u00e7ok daha \u00e2l\u00e2 bir yerde konumland\u0131racak vakitler yakalad\u0131k ancak onlarda da maalesef d\u0131\u015f etkenler, hakem idareleri bu s\u00fcreci etkiledi.&#8221; dedi.<\/p>\n<p> Bu s\u00fcre\u00e7ten sonra gayelerinin ileriye bakmak oldu\u011funu aktaran \u00c7avu\u015f, &#8220;\u015eimdi \u00f6n\u00fcm\u00fczde \u00e7ok k\u0131ymetli, k\u0131ymetli bir Sakaryaspor ma\u00e7\u0131 var. Bu ma\u00e7\u0131 kazan\u0131p kendimizi play-off k\u00fcmesinin i\u00e7ine \u00e7ok daha yakla\u015ft\u0131rmak istiyoruz. Bundan sonra oynayaca\u011f\u0131m\u0131z Yeni Malatyaspor kar\u015f\u0131la\u015fmas\u0131n\u0131, rakiplerimizin birbirleriyle oynayacaklar\u0131 m\u00fcsabakalar\u0131 d\u00fc\u015f\u00fcn\u00fcrsek tahminen de oynayaca\u011f\u0131m\u0131z bu ma\u00e7 bizi mavi \u00e7izginin i\u00e7ine, yani play-off&#8217;un i\u00e7ine sokmu\u015f olacak. Ondan sonraki 2 ma\u00e7ta da pozisyonumuzu netle\u015ftirece\u011fiz yahut sa\u011flamla\u015ft\u0131raca\u011f\u0131z.&#8221; diye konu\u015ftu.<\/p>\n<p> Ekibin g\u00fcc\u00fcnden son derece mutlu oldu\u011funu anlatan \u00c7avu\u015f, &#8220;\u015eu ana kadar \u00e7al\u0131\u015fmalar da \u00e7ok d\u00fczg\u00fcn gidiyor, oyuncu k\u00fcmesinin g\u00fcc\u00fc, iste\u011fi, iste\u011fi da \u00e7ok yeterli. Play-off&#8217;un i\u00e7erisinde yer almay\u0131 hedefliyoruz.&#8221; de\u011ferlendirmesinde bulundu.<\/p>\n<p> <strong>&#8220;Umut ediyorum ki bu k\u0131ssay\u0131 bu t\u00fcrl\u00fc ho\u015f sonland\u0131r\u0131r\u0131z&#8221;<\/strong><\/p>\n<p> I\u011fd\u0131r grubunun geride kalan y\u0131llarda play-off&#8217;larda ba\u015far\u0131l\u0131 oldu\u011funun alt\u0131n\u0131 \u00e7izen \u00c7avu\u015f, \u015funlar\u0131 kaydetti:<\/p>\n<p> &#8220;Kul\u00fcb\u00fcn ge\u00e7mi\u015finde de bunun \u00e7ok ho\u015f \u00f6rnekleri var. Bence \u00e7ok pahal\u0131 bir \u015fey. Ekibimizin play-off&#8217;a kalmas\u0131 durumunda bilhassa oynayaca\u011f\u0131m\u0131z birinci eleme ma\u00e7\u0131ndaki alaca\u011f\u0131m\u0131z sonu\u00e7la birlikte benim niyetim de oran\u0131n (S\u00fcper Lig) en b\u00fcy\u00fck adaylar\u0131ndan biri biziz. Gerek oyuncu k\u00fcmesinin kalitesi, birbirleriyle olan \u00e7ok hakikat irtibat\u0131 gerekse de kul\u00fcp yap\u0131s\u0131yla&#8230; Bence o seviyeyi yakalad\u0131\u011f\u0131m\u0131z vakit sonuca da ula\u015fabiliriz diye d\u00fc\u015f\u00fcn\u00fcyorum. Umut ediyorum ki bu \u00f6yk\u00fcy\u00fc bu t\u00fcrl\u00fc ho\u015f sonland\u0131r\u0131r\u0131z. Zira ba\u015flad\u0131\u011f\u0131m\u0131z ve bitirdi\u011fimiz nokta ortas\u0131nda \u00e7ok b\u00fcy\u00fck bir fark olacak. Ben de bunun bir kesimi olmaktan \u00e7ok b\u00fcy\u00fck keyif al\u0131r\u0131m.&#8221;<\/p>\n<\/div>\n<p><\/p>\n","protected":false},"excerpt":{"rendered":"<p>I\u011fd\u0131r FK&#8217;de teknik y\u00f6netici \u00c7a\u011fda\u015f \u00c7avu\u015f gayeleri hakk\u0131nda a\u00e7\u0131klamalarda bulundu.<\/p>\n","protected":false},"author":1,"featured_media":44840,"comment_status":"open","ping_status":"open","sticky":false,"template":"","format":"standard","meta":{"footnotes":""},"categories":[25],"tags":[3295,694,51,50,1333],"class_list":["post-44839","post","type-post","status-publish","format-standard","has-post-thumbnail","hentry","category-futbol","tag-cavus","tag-igdir","tag-lig","tag-mac","tag-play-off"],"_links":{"self":[{"href":"https:\/\/haberbesiktas.tr\/index.php?rest_route=\/wp\/v2\/posts\/44839","targetHints":{"allow":["GET"]}}],"collection":[{"href":"https:\/\/haberbesiktas.tr\/index.php?rest_route=\/wp\/v2\/posts"}],"about":[{"href":"https:\/\/haberbesiktas.tr\/index.php?rest_route=\/wp\/v2\/types\/post"}],"author":[{"embeddable":true,"href":"https:\/\/haberbesiktas.tr\/index.php?rest_route=\/wp\/v2\/users\/1"}],"replies":[{"embeddable":true,"href":"https:\/\/haberbesiktas.tr\/index.php?rest_route=%2Fwp%2Fv2%2Fcomments&post=44839"}],"version-history":[{"count":1,"href":"https:\/\/haberbesiktas.tr\/index.php?rest_route=\/wp\/v2\/posts\/44839\/revisions"}],"predecessor-version":[{"id":44841,"href":"https:\/\/haberbesiktas.tr\/index.php?rest_route=\/wp\/v2\/posts\/44839\/revisions\/44841"}],"wp:featuredmedia":[{"embeddable":true,"href":"https:\/\/haberbesiktas.tr\/index.php?rest_route=\/wp\/v2\/media\/44840"}],"wp:attachment":[{"href":"https:\/\/haberbesiktas.tr\/index.php?rest_route=%2Fwp%2Fv2%2Fmedia&parent=44839"}],"wp:term":[{"taxonomy":"category","embeddable":true,"href":"https:\/\/haberbesiktas.tr\/index.php?rest_route=%2Fwp%2Fv2%2Fcategories&post=44839"},{"taxonomy":"post_tag","embeddable":true,"href":"https:\/\/haberbesiktas.tr\/index.php?rest_route=%2Fwp%2Fv2%2Ftags&post=44839"}],"curies":[{"name":"wp","href":"https:\/\/api.w.org\/{rel}","templated":true}]}}