{"id":44883,"date":"2025-07-04T11:00:06","date_gmt":"2025-07-04T11:00:06","guid":{"rendered":"https:\/\/haberbesiktas.tr\/?p=44883"},"modified":"2025-07-04T11:00:06","modified_gmt":"2025-07-04T11:00:06","slug":"aydin-filesinde-cerag-ile-yeni-sozlesme","status":"publish","type":"post","link":"https:\/\/haberbesiktas.tr\/?p=44883","title":{"rendered":"Ayd\u0131n filesinde \u00c7era\u011f ile yeni s\u00f6zle\u015fme"},"content":{"rendered":"<p>Sultanlar Ligi gruplar\u0131ndan Ayd\u0131n B\u00fcy\u00fck\u015fehir Belediyespor i\u00e7 transferde 29 ya\u015f\u0131ndaki libero Gizem \u00c7era\u011f D\u00fczeltir ile mukavele yeniledi. Y\u00f6r\u00fck Ali Efe Spor Tesisleri&#8217;nde d\u00fczenlenen imza t\u00f6renine Kul\u00fcp Ba\u015fkan\u0131 Polat Bora Mersin, Voleybol \u015eube Sorumlusu Mehmet Volkan Zeytin ve \u0130dari Menajer Sabri Can kat\u0131ld\u0131.<\/p>\n<p> Kul\u00fcpten, &#8220;Savunma Bakan\u0131 ile yeniden&#8221; ba\u015fl\u0131\u011f\u0131yla yap\u0131lan a\u00e7\u0131klamada, &#8220;\u0130ki d\u00f6nem boyunca alandaki g\u00fcc\u00fcyle kadromuza bedel katan \u00c7era\u011f D\u00fczeltir ile 1 y\u0131ll\u0131k mukavele imzalad\u0131k. Birlikte daha uyguna. Ba\u015far\u0131l\u0131 liberomuza sakatl\u0131ks\u0131z bir d\u00f6nem diliyoruz&#8221; tabirlerine yer verildi. \u00c7era\u011f, Ayd\u0131n temsilcisi ile \u00fc\u00e7\u00fcnc\u00fc d\u00f6nemini ge\u00e7irecek.<\/p>\n","protected":false},"excerpt":{"rendered":"<p>Ayd\u0131n B\u00fcy\u00fck\u015fehir Belediyespor i\u00e7 transferde 29 ya\u015f\u0131ndaki libero Gizem \u00c7era\u011f D\u00fczeltir ile kontrat yeniledi.<\/p>\n","protected":false},"author":1,"featured_media":44884,"comment_status":"open","ping_status":"open","sticky":false,"template":"","format":"standard","meta":{"footnotes":""},"categories":[39],"tags":[],"class_list":["post-44883","post","type-post","status-publish","format-standard","has-post-thumbnail","hentry","category-voleybol"],"_links":{"self":[{"href":"https:\/\/haberbesiktas.tr\/index.php?rest_route=\/wp\/v2\/posts\/44883","targetHints":{"allow":["GET"]}}],"collection":[{"href":"https:\/\/haberbesiktas.tr\/index.php?rest_route=\/wp\/v2\/posts"}],"about":[{"href":"https:\/\/haberbesiktas.tr\/index.php?rest_route=\/wp\/v2\/types\/post"}],"author":[{"embeddable":true,"href":"https:\/\/haberbesiktas.tr\/index.php?rest_route=\/wp\/v2\/users\/1"}],"replies":[{"embeddable":true,"href":"https:\/\/haberbesiktas.tr\/index.php?rest_route=%2Fwp%2Fv2%2Fcomments&post=44883"}],"version-history":[{"count":1,"href":"https:\/\/haberbesiktas.tr\/index.php?rest_route=\/wp\/v2\/posts\/44883\/revisions"}],"predecessor-version":[{"id":44885,"href":"https:\/\/haberbesiktas.tr\/index.php?rest_route=\/wp\/v2\/posts\/44883\/revisions\/44885"}],"wp:featuredmedia":[{"embeddable":true,"href":"https:\/\/haberbesiktas.tr\/index.php?rest_route=\/wp\/v2\/media\/44884"}],"wp:attachment":[{"href":"https:\/\/haberbesiktas.tr\/index.php?rest_route=%2Fwp%2Fv2%2Fmedia&parent=44883"}],"wp:term":[{"taxonomy":"category","embeddable":true,"href":"https:\/\/haberbesiktas.tr\/index.php?rest_route=%2Fwp%2Fv2%2Fcategories&post=44883"},{"taxonomy":"post_tag","embeddable":true,"href":"https:\/\/haberbesiktas.tr\/index.php?rest_route=%2Fwp%2Fv2%2Ftags&post=44883"}],"curies":[{"name":"wp","href":"https:\/\/api.w.org\/{rel}","templated":true}]}}